{"id":6719,"date":"2021-04-24T12:49:21","date_gmt":"2021-04-24T10:49:21","guid":{"rendered":"http:\/\/museipiemonte.cultura.gov.it\/?p=6719"},"modified":"2021-05-20T12:51:45","modified_gmt":"2021-05-20T10:51:45","slug":"riapertura-al-pubblico-dei-musei-e-luoghi-della-cultura-le-informazioni-e-gli-orari-2","status":"publish","type":"post","link":"https:\/\/museipiemonte.cultura.gov.it\/index.php\/2021\/04\/24\/riapertura-al-pubblico-dei-musei-e-luoghi-della-cultura-le-informazioni-e-gli-orari-2\/","title":{"rendered":"Riapertura al pubblico dei musei e luoghi della cultura &#8211; le informazioni e gli orari"},"content":{"rendered":"<p>Grazie alle nuove disposizioni governative e al cambiamento della classificazione del rischio per il Piemonte, la Direzione regionale Musei \u00e8 pronta ad accogliere il pubblico, secondo giorni e orari di apertura diversificati per ogni sede museale. Restano in vigore le misure gi\u00e0 adottate per garantire lo svolgimento delle visite in sicurezza e si aggiunge una novit\u00e0: non solo <strong>accessi contingentati<\/strong> in piccoli gruppi, <strong>prenotazioni obbligatorie<\/strong> via telefono e mail, <strong>rilevazione della temperatura corporea<\/strong> e<strong> utilizzo della mascherina<\/strong>, ma ingressi nei musei <strong>anche sabato e festivi<\/strong>, purch\u00e9 le <strong>prenotazioni<\/strong> vengano effettuate con <strong>almeno un giorno di anticipo<\/strong>.<br \/>\nSi comincia <strong>marted\u00ec 27 aprile<\/strong> con <strong>Villa della Regina<\/strong>, la spettacolare residenza sulla collina di Torino che, oltre ad ambienti riccamente decorati, offre un\u2019incantevole cornice <em>green<\/em> con un eccezionale affaccio panoramico sulla citt\u00e0. Nello <strong>stesso giorno<\/strong> il verde \u00e8 protagonista pure al<strong> complesso del Castello di Agli\u00e8<\/strong>, dove riaprono <strong>Giardini <\/strong>e<strong> Parco<\/strong>, quest\u2019ultimo un ritorno tanto atteso dopo oltre un anno di chiusura. Nei mesi scorsi il Parco \u00e8 stato interessato da interventi di manutenzione ordinaria e straordinaria, dalla verifica della stabilit\u00e0 degli alberi, con un piano di potature e abbattimenti di piante pericolose per l&#8217;incolumit\u00e0 pubblica, alla pulizia di fossi e canali di irrigazione, tra cui alcuni di quelli sotterranei del sistema idraulico settecentesco ancora oggi funzionante. Al Settecento risale infatti la \u201cFontana a ferro di cavallo\u201d con sculture in marmo di Frabosa, opera dei fratelli Ignazio e Filippo Collino, che rappresentano affluenti del Po, mentre nel secolo successivo il paesaggista tedesco Xavier Kurten cur\u00f2 la sistemazione del parco all\u2019inglese. Per le magnificenti sale dell\u2019<strong>Appartamento di rappresentanza<\/strong> del <strong>Castello<\/strong> occorre aspettare<strong> venerd\u00ec 30 aprile<\/strong>, data a partire dalla quale sono previsti ingressi dal venerd\u00ec alla domenica, con la possibilit\u00e0 di visitare ogni venerd\u00ec un altro percorso a rotazione settimanale tra Cucine, Appartamento del Re, Ospedaletto e Appartamento Chierici.<br \/>\nRiapertura<strong>\u00a0venerd\u00ec 30 aprile<\/strong> anche per gli <strong>Appartamenti Reali del Castello di Moncalieri<\/strong> che possono essere ammirati dal venerd\u00ec alla domenica e nei festivi, un itinerario tra la raffinatezza degli ambienti di impronta settecentesca e la variet\u00e0 del rinnovamento in chiave eclettica attuato durante il regno di Vittorio Emanuele II. Al <strong>Forte di Gavi<\/strong> si riparte <strong>gioved\u00ec 29 aprile<\/strong> e<strong> domenica 2 maggio<\/strong>, in collaborazione con il Rotary e Rotaract Club Gavi-Libarna, <strong>visite guidate in costume<\/strong>, rivolte principalmente a famiglie con bambini, dedicate alla principessa Gavia, alla quale secondo la leggenda \u00e8 legata la nascita del borgo di Gavi (prenotazione obbligatoria: 348 819 4720 &#8211; 334 789 0430).<br \/>\n<strong>Sabato 1\u00b0 maggio<\/strong> tocca, invece, ai seguenti percorsi museali che restano poi accessibili sabato e domenica: gli Appartamenti dei Principi di <strong>Palazzo Carignano<\/strong>, trionfo dello sfarzo barocco con gli affreschi del Legnanino e le <em>boiserie<\/em> in legno scolpito e dorato arricchite da specchi e dipinti; le strutture immerse nell\u2019atmosfera della spiritualit\u00e0 medievale dell\u2019<strong>Abbazia di Vezzolano<\/strong>, preziosa testimonianza del Romanico in Piemonte; le forme turrite del <strong>Castello di Serralunga d\u2019Alba<\/strong>, esempio di <em>donjon<\/em> alla francese perfettamente conservato, unico nel suo genere in tutta Italia.<br \/>\nPorte aperte da <strong>sabato 1\u00b0 maggio<\/strong> anche al <strong>Castello di Racconigi<\/strong>, incluso il <strong>primo anello del Parco<\/strong>, ma dalla settimana successiva ingressi dal gioved\u00ec alla domenica, con visite al Primo Piano Nobile, gioved\u00ec e sabato estese anche al monumentale fregio commissionato da Carlo Alberto a Pelagio Palagi, e venerd\u00ec e domenica ampliate alle Cucine.<br \/>\nPermane la chiusura dell\u2019Abbazia di Fruttuaria, in cui il percorso archeologico sotterraneo \u00e8 dotato di un sistema di aerazione non conforme ai parametri previsti attualmente.<br \/>\nTra architetture singolari, collezioni meravigliose e decorazioni di pregio, i siti gestiti dalla Direzione regionale Musei restituiscono una realt\u00e0 multiforme, caratterizzata anche da una dimensione <em>green<\/em> che propone non solo suggestivi giardini e parchi storici, ma anche straordinari contesti paesaggistici, spesso lontano dai circuiti caotici. L\u2019offerta culturale assume cos\u00ec declinazioni diverse che oscillano dall\u2019esperienza della fruizione di ambienti e collezioni museali al piacere dello svago culturale, anche attraverso spazi all\u2019aperto che coniugano il fascino della natura con la bellezza dell\u2019arte. Una forma di conforto che pone al centro la conoscenza del patrimonio culturale e l\u2019importanza dei suoi valori per la memoria collettiva.<\/p>\n<p><b>Informazioni e orari dei musei nella sezione\u00a0<a href=\"http:\/\/museipiemonte.cultura.gov.it\/index.php\/musei-e-luoghi-della-cultura\/\" target=\"_blank\">Musei e luoghi della cultura<\/a><\/b><\/p>\n<p>&nbsp;<\/p>\n<p>&nbsp;<\/p>\n","protected":false},"excerpt":{"rendered":"<p>Grazie alle nuove disposizioni governative e al cambiamento della classificazione del rischio per il Piemonte, la Direzione regionale Musei \u00e8 pronta ad accogliere il pubblico, secondo giorni e orari di apertura diversificati per ogni sede [&hellip;]<\/p>\n","protected":false},"author":1,"featured_media":837,"comment_status":"closed","ping_status":"closed","sticky":false,"template":"","format":"standard","meta":{"footnotes":""},"categories":[12,7,9,10,11,4,8,5,6],"tags":[191,178,188,36,21,81,33],"class_list":["post-6719","post","type-post","status-publish","format-standard","has-post-thumbnail","hentry","category-abbazia-di-vezzolano","category-castello-di-aglie","category-castello-di-moncalieri","category-castello-di-racconigi","category-castello-di-serralunga","category-direzione-regionale-musei","category-forte-di-gavi","category-palazzo-carignano","category-villa-della-regina","tag-apertura","tag-coronavirus","tag-covid-19","tag-musei","tag-news","tag-unesco","tag-valorizzazione"],"_links":{"self":[{"href":"https:\/\/museipiemonte.cultura.gov.it\/index.php\/wp-json\/wp\/v2\/posts\/6719","targetHints":{"allow":["GET"]}}],"collection":[{"href":"https:\/\/museipiemonte.cultura.gov.it\/index.php\/wp-json\/wp\/v2\/posts"}],"about":[{"href":"https:\/\/museipiemonte.cultura.gov.it\/index.php\/wp-json\/wp\/v2\/types\/post"}],"author":[{"embeddable":true,"href":"https:\/\/museipiemonte.cultura.gov.it\/index.php\/wp-json\/wp\/v2\/users\/1"}],"replies":[{"embeddable":true,"href":"https:\/\/museipiemonte.cultura.gov.it\/index.php\/wp-json\/wp\/v2\/comments?post=6719"}],"version-history":[{"count":2,"href":"https:\/\/museipiemonte.cultura.gov.it\/index.php\/wp-json\/wp\/v2\/posts\/6719\/revisions"}],"predecessor-version":[{"id":6721,"href":"https:\/\/museipiemonte.cultura.gov.it\/index.php\/wp-json\/wp\/v2\/posts\/6719\/revisions\/6721"}],"wp:featuredmedia":[{"embeddable":true,"href":"https:\/\/museipiemonte.cultura.gov.it\/index.php\/wp-json\/wp\/v2\/media\/837"}],"wp:attachment":[{"href":"https:\/\/museipiemonte.cultura.gov.it\/index.php\/wp-json\/wp\/v2\/media?parent=6719"}],"wp:term":[{"taxonomy":"category","embeddable":true,"href":"https:\/\/museipiemonte.cultura.gov.it\/index.php\/wp-json\/wp\/v2\/categories?post=6719"},{"taxonomy":"post_tag","embeddable":true,"href":"https:\/\/museipiemonte.cultura.gov.it\/index.php\/wp-json\/wp\/v2\/tags?post=6719"}],"curies":[{"name":"wp","href":"https:\/\/api.w.org\/{rel}","templated":true}]}}