{"id":6860,"date":"2021-05-27T12:53:18","date_gmt":"2021-05-27T10:53:18","guid":{"rendered":"http:\/\/museipiemonte.cultura.gov.it\/?p=6860"},"modified":"2021-06-22T13:08:40","modified_gmt":"2021-06-22T11:08:40","slug":"aperture-musei-e-luoghi-della-cultura-2-giugno-e-24-giugno-2021","status":"publish","type":"post","link":"https:\/\/museipiemonte.cultura.gov.it\/index.php\/2021\/05\/27\/aperture-musei-e-luoghi-della-cultura-2-giugno-e-24-giugno-2021\/","title":{"rendered":"Aperture musei e luoghi della cultura 2 giugno e 24 giugno 2021"},"content":{"rendered":"<p>In occasione delle festivit\u00e0 di <strong>mercoled\u00ec 2 giugno<\/strong>, Festa della Repubblica, e <strong>gioved\u00ec 24 giugno<\/strong>, Festa di San Giovanni santo patrono della citt\u00e0 di Torino, sono <strong>aperte al pubblico<\/strong> diverse <strong>sedi museali<\/strong> gestite dalla <strong>Direzione regionale Musei Piemonte<\/strong>.<\/p>\n<p><strong>Mercoled\u00ec 2 giugno<\/strong><br \/>\n<a href=\"http:\/\/museipiemonte.cultura.gov.it\/index.php\/musei-e-luoghi-della-cultura\/palazzo-carignano\/visita-palazzo-carignano\/\">Palazzo Carignano<\/a>, percorso degli Appartamenti dei Principi, orario 9-18;<br \/>\n<a href=\"http:\/\/museipiemonte.cultura.gov.it\/index.php\/musei-e-luoghi-della-cultura\/villa-della-regina\/visita-villa-della-regina\/\">Villa della Regina<\/a>, orario 10-21, e apertura straordinaria luned\u00ec 31 maggio, orario 10-18;<br \/>\n<a href=\"http:\/\/museipiemonte.cultura.gov.it\/index.php\/musei-e-luoghi-della-cultura\/castello-di-moncalieri\/visita-il-castello-di-moncalieri\/\">Castello di Moncalieri<\/a>, orario 10-18;<br \/>\n<a href=\"http:\/\/museipiemonte.cultura.gov.it\/index.php\/musei-e-luoghi-della-cultura\/castello-di-aglie\/visita-il-castello-di-aglie\/\">Complesso museale del Castello di Agli\u00e8<\/a>, orario Castello 9-12 \/ 14-19, orario Giardini e Parco 9-19;<br \/>\n<a href=\"http:\/\/museipiemonte.cultura.gov.it\/index.php\/musei-e-luoghi-della-cultura\/castello-di-racconigi\/visita-il-castello-di-racconigi\/\">Complesso museale del Castello di Racconigi<\/a>, orario 9-19, chiusura per riposo compensativo gioved\u00ec 3 giugno;<br \/>\n<a href=\"http:\/\/museipiemonte.cultura.gov.it\/index.php\/musei-e-luoghi-della-cultura\/forte-di-gavi\/visita-il-forte-di-gavi\/\">Forte di Gavi<\/a>, visite ogni ora dalle 9.30 alle 17.30, chiusura per riposo compensativo gioved\u00ec 3 giugno;<br \/>\n<a href=\"http:\/\/museipiemonte.cultura.gov.it\/index.php\/musei-e-luoghi-della-cultura\/castello-di-serralunga\/visita-il-castello-di-serralunga\/\">Castello di Serralunga d\u2019Alba<\/a>, orario 10.30-13.30 \/ 14.30-18.30, e apertura straordinaria venerd\u00ec 4 giugno con lo stesso orario.<\/p>\n<p><strong>Gioved\u00ec 24 giugno<\/strong><br \/>\n<a href=\"http:\/\/museipiemonte.cultura.gov.it\/index.php\/musei-e-luoghi-della-cultura\/palazzo-carignano\/visita-palazzo-carignano\/\">Palazzo Carignano<\/a>, percorso degli Appartamenti dei Principi, orario 9-18;<br \/>\n<a href=\"http:\/\/museipiemonte.cultura.gov.it\/index.php\/musei-e-luoghi-della-cultura\/villa-della-regina\/visita-villa-della-regina\/\">Villa della Regina<\/a>, orario 10-21;<br \/>\n<a href=\"http:\/\/museipiemonte.cultura.gov.it\/index.php\/musei-e-luoghi-della-cultura\/castello-di-racconigi\/visita-il-castello-di-racconigi\/\">Complesso museale del Castello di Racconigi<\/a>, orario 9-19;<br \/>\n<a href=\"http:\/\/museipiemonte.cultura.gov.it\/index.php\/musei-e-luoghi-della-cultura\/forte-di-gavi\/visita-il-forte-di-gavi\/\">Forte di Gavi<\/a>, visite ogni ora dalle 8.30 alle 16.30<br \/>\n<a href=\"http:\/\/museipiemonte.cultura.gov.it\/index.php\/musei-e-luoghi-della-cultura\/castello-di-serralunga\/visita-il-castello-di-serralunga\/\">Castello di Serralunga d\u2019Alba<\/a>, orario 10.30-13.30 \/ 14.30-18.30, e apertura straordinaria venerd\u00ec 25 giugno con lo stesso orario.<\/p>\n<p>Per sopraggiunti improvvisi problemi tecnici, contrariamente a quanto comunicato in precedenza, il\u00a0<a href=\"http:\/\/museipiemonte.cultura.gov.it\/index.php\/musei-e-luoghi-della-cultura\/castello-di-moncalieri\/visita-il-castello-di-moncalieri\/\">Castello di Moncalieri<\/a>\u00a0sar\u00e0 chiuso dal 24 al 27 giugno.<\/p>\n<p>L\u2019ingresso nelle sedi museali resta subordinato alle modalit\u00e0 di accesso e prenotazione in vigore in base alle prescrizioni anti-Covid.<br \/>\nTutte le info su orari, biglietti e prenotazioni sono disponibili\u00a0nella sezione <a href=\"http:\/\/museipiemonte.cultura.gov.it\/index.php\/musei-e-luoghi-della-cultura\/\">Musei e Luoghi della Cultura<\/a><\/p>\n","protected":false},"excerpt":{"rendered":"<p>In occasione delle festivit\u00e0 di mercoled\u00ec 2 giugno, Festa della Repubblica, e gioved\u00ec 24 giugno, Festa di San Giovanni santo patrono della citt\u00e0 di Torino, sono aperte al pubblico diverse sedi museali gestite dalla Direzione [&hellip;]<\/p>\n","protected":false},"author":1,"featured_media":837,"comment_status":"closed","ping_status":"closed","sticky":false,"template":"","format":"standard","meta":{"footnotes":""},"categories":[7,9,10,11,4,8,5,6],"tags":[201,203,191,36,21,202],"class_list":["post-6860","post","type-post","status-publish","format-standard","has-post-thumbnail","hentry","category-castello-di-aglie","category-castello-di-moncalieri","category-castello-di-racconigi","category-castello-di-serralunga","category-direzione-regionale-musei","category-forte-di-gavi","category-palazzo-carignano","category-villa-della-regina","tag-2-giugno","tag-24-giugno","tag-apertura","tag-musei","tag-news","tag-san-giovanni"],"_links":{"self":[{"href":"https:\/\/museipiemonte.cultura.gov.it\/index.php\/wp-json\/wp\/v2\/posts\/6860","targetHints":{"allow":["GET"]}}],"collection":[{"href":"https:\/\/museipiemonte.cultura.gov.it\/index.php\/wp-json\/wp\/v2\/posts"}],"about":[{"href":"https:\/\/museipiemonte.cultura.gov.it\/index.php\/wp-json\/wp\/v2\/types\/post"}],"author":[{"embeddable":true,"href":"https:\/\/museipiemonte.cultura.gov.it\/index.php\/wp-json\/wp\/v2\/users\/1"}],"replies":[{"embeddable":true,"href":"https:\/\/museipiemonte.cultura.gov.it\/index.php\/wp-json\/wp\/v2\/comments?post=6860"}],"version-history":[{"count":4,"href":"https:\/\/museipiemonte.cultura.gov.it\/index.php\/wp-json\/wp\/v2\/posts\/6860\/revisions"}],"predecessor-version":[{"id":6914,"href":"https:\/\/museipiemonte.cultura.gov.it\/index.php\/wp-json\/wp\/v2\/posts\/6860\/revisions\/6914"}],"wp:featuredmedia":[{"embeddable":true,"href":"https:\/\/museipiemonte.cultura.gov.it\/index.php\/wp-json\/wp\/v2\/media\/837"}],"wp:attachment":[{"href":"https:\/\/museipiemonte.cultura.gov.it\/index.php\/wp-json\/wp\/v2\/media?parent=6860"}],"wp:term":[{"taxonomy":"category","embeddable":true,"href":"https:\/\/museipiemonte.cultura.gov.it\/index.php\/wp-json\/wp\/v2\/categories?post=6860"},{"taxonomy":"post_tag","embeddable":true,"href":"https:\/\/museipiemonte.cultura.gov.it\/index.php\/wp-json\/wp\/v2\/tags?post=6860"}],"curies":[{"name":"wp","href":"https:\/\/api.w.org\/{rel}","templated":true}]}}