{"id":7087,"date":"2021-07-28T15:04:03","date_gmt":"2021-07-28T13:04:03","guid":{"rendered":"http:\/\/museipiemonte.cultura.gov.it\/?p=7087"},"modified":"2021-07-28T15:05:58","modified_gmt":"2021-07-28T13:05:58","slug":"musei-aperti-ad-agosto","status":"publish","type":"post","link":"https:\/\/museipiemonte.cultura.gov.it\/index.php\/2021\/07\/28\/musei-aperti-ad-agosto\/","title":{"rendered":"Musei aperti ad agosto"},"content":{"rendered":"<p>Anche quest\u2019anno la cultura non va in vacanza! Nel mese di <strong>agosto<\/strong> sono <strong>aperte al pubblico<\/strong> le <strong>sedi museali<\/strong> gestite dalla <strong>Direzione regionale Musei Piemonte<\/strong> del Ministero della cultura, incluso il giorno di <strong>domenica 15 \u2013 Ferragosto<\/strong>, in cui, salvo ulteriori specifiche, si osservano i consueti orari della domenica. Inoltre, per alcuni percorsi, si aggiungono anche orari di apertura straordinaria.<\/p>\n<p><strong>PALAZZO CARIGNANO<\/strong><br \/>\nPercorso di visita degli Appartamenti dei Principi<br \/>\n<strong>Orario:<\/strong> venerd\u00ec 9-14 (ultimo ingresso ore 13); sabato e domenica 9-18 (ultimo ingresso ore 17); sabato e domenica la visita comprende non solo il consueto percorso di visita dell&#8217;Appartamento di Mezzogiorno, ma anche l&#8217;Appartamento di Mezzanotte, solitamente chiuso al pubblico, trattandosi della parte in cui si trovano gli uffici della Direzione regionale Musei Piemonte;<br \/>\n<strong>Aperture straordinarie:<\/strong> luned\u00ec 2 e 9 agosto 9-13 (ultimo ingresso ore 12).<br \/>\n<strong>Biglietti:<\/strong> intero \u20ac 5,00; ridotto \u20ac 2,00 dai 18 ai 25 anni; gratuito per minori di 18 anni; ulteriori riduzioni e gratuit\u00e0 in base a disposizioni di legge e convenzioni;<br \/>\n<strong>Prenotazione obbligatoria:<\/strong> <a href=\"mailto:drm-pie.palazzocarignano@beniculturali.it\" target=\"_blank\">drm-pie.palazzocarignano@beniculturali.it<\/a>, tel. 011 5641733 \u2013 011 5641791.<\/p>\n<p><strong>VILLA DELLA REGINA<\/strong><br \/>\n<strong>Orario:<\/strong> da marted\u00ec a domenica 10-18 (ultimo ingresso ore 17); tutti i venerd\u00ec alle ore 11 e 15 visite guidate Passeggiate del venerd\u00ec, dedicate ai giardini e al Padiglione dei Solinghi.<br \/>\n<strong>Aperture straordinarie:<\/strong> domenica 1 e 15 agosto orario prolungato 10-21 (ultimo ingresso 20); visita guidata nei giardini alle ore 18.00;<br \/>\n<strong>Biglietti:<\/strong> intero \u20ac 7,00; ridotto \u20ac 2,00 dai 18 ai 25 anni; gratuito per minori di 18 anni; ulteriori riduzioni e gratuit\u00e0 in base a disposizioni di legge e convenzioni;<br \/>\n<strong>Prenotazione:<\/strong> obbligatoria per sabato, domenica e festivi, <a href=\"mailto:drm-pie.villadellaregina@beniculturali.it\" target=\"_blank\">drm-pie.villadellaregina@beniculturali.it<\/a>, tel. 011 8195035.<\/p>\n<p><strong>CASTELLO DI MONCALIERI<\/strong><br \/>\n<strong>Orario:<\/strong> da venerd\u00ec a domenica e festivi 10-18 (ultimo ingresso 17);<br \/>\n<strong>Biglietti:<\/strong> intero \u20ac 7.00;<br \/>\n<strong>Prenotazione obbligatoria:<\/strong> <a href=\"http:\/\/www.lavenaria.it\" target=\"_blank\">www.lavenaria.it<\/a> (info tel. 011 4992333).<\/p>\n<p><strong>COMPLESSO DEL CASTELLO DI AGLIE&#8217;<\/strong><br \/>\n<strong>Orario Castello:<\/strong> venerd\u00ec e sabato 9-13 (ultimo ingresso 12) \/ 14-19 (ultimo ingresso 18); domenica 9-19 (ultimo ingresso 18);<br \/>\n<strong>Orario Giardini e Parco:<\/strong> da marted\u00ec a domenica 9-19 (ultimo ingresso 18);<br \/>\n<strong>Biglietti:<\/strong> intero Castello \u20ac 4,00; ridotto Castello \u20ac 2,00 dai 18 ai 25 anni; tariffa unica Giardini \u20ac 2,00; Parco e Giardini \u20ac 3; gratuito Castello, Giardini e Parco per minori di 18 anni; ulteriori riduzioni e gratuit\u00e0 in base a disposizioni di legge e convenzioni;<br \/>\n<strong>Prenotazione:<\/strong> non necessaria per Giardini e Parco; obbligatoria per la visita al Castello <a href=\"mailto:drm-pie.aglie.prenotazioni@beniculturali.it\" target=\"_blank\">drm-pie.aglie.prenotazioni@beniculturali.it<\/a>, tel. 0124 330102 (il servizio di prenotazione \u00e8 attivo da luned\u00ec a venerd\u00ec 9-18).<\/p>\n<p><strong>COMPLESSO DEL CASTELLO DI RACCONIGI<\/strong><br \/>\nPercorso di visita nel Castello, con la mostra <em>Storie dal mondo in Castello<\/em>, e itinerario tematico <em>Vita privata di un re<\/em><br \/>\n<strong>Orario Castello e mostra:<\/strong> da gioved\u00ec a domenica 9-19 (ultimo ingresso 18); la visita comprende la mostra <em>Storie dal mondo in Castello<\/em>; gioved\u00ec 12 e 26 agosto, alle ore 11.15 e 15.15, visite guidate alla mostra con i curatori;<br \/>\n<strong>Orario <em>Vita privata di un re<\/em>:<\/strong> da gioved\u00ec a domenica 10-17.30;<br \/>\n<strong>Orario Parco:<\/strong> da gioved\u00ec a domenica 9.30-19 (ultimo ingresso 18.30);<br \/>\n<strong>Biglietti:<\/strong> intero Castello e visite guidate alla mostra con i curatori \u20ac 5,00; ridotto \u20ac 2,00 dai 18 ai 25 anni; tariffa unica Parco \u20ac 2,00; gratuito Castello e Parco per minori di 18 anni; ulteriori riduzioni e gratuit\u00e0 in base a disposizioni di legge e convenzioni; l\u2019accesso all\u2019itinerario tematico <em>Vita privata di un re<\/em> \u00e8 subordinato all\u2019acquisto del biglietto di ingresso al Castello e al pagamento del costo della visita guidata a \u20ac 5,00;<br \/>\n<strong>Prenotazione:<\/strong> non necessaria per il Parco; obbligatoria per la visita al Castello e per le visite guidate alla mostra con i curatori, <a href=\"mailto:racconigi.prenotazioni@beniculturali.it\" target=\"_blank\">racconigi.prenotazioni@beniculturali.it<\/a> (servizio attivo dal luned\u00ec al venerd\u00ec 9-15), tel. 0172 84005 (servizio attivo sabato e domenica 9-15); per l\u2019itinerario tematico Vita privata di un re obbligatoria per il gioved\u00ec, consigliata per venerd\u00ec, sabato e domenica, <a href=\"mailto:info@cuneoalps.it\" target=\"_blank\">info@cuneoalps.it<\/a>, tel. 0171 696206 (servizio attivo tutti i giorni 10-16), <a href=\"http:\/\/www.cuneoalps.it\" target=\"_blank\">www.cuneoalps.it<\/a><\/p>\n<p><strong>ABBAZIA DI VEZZOLANO<\/strong><br \/>\n<strong>Orario:<\/strong> sabato 10-18 (ultimo ingresso 17.30); domenica 10-17 (ultimo ingresso 16.30, alle ore 17 celebrazione della Messa); sabato 7 agosto alle ore 18.30 e alle 21 concerto <em>Un\u2019\u00e0ncora per non dire pi\u00f9 anc\u00f2ra, cambiare accento per cambiare prospettiva<\/em> dell\u2019Ensemble Sinetempore HarpAttack, cinque arpe in concerto contro la violenza sulle donne (ingresso gratuito, prenotazione obbligatoria: <a href=\"mailto:sinetemporeharpattack5@gmail.com\" target=\"_blank\">sinetemporeharpattack5@gmail.com<\/a>; 3466762068); domenica 15 agosto alle ore 18 concerto Musica e Opera, con violino e pianoforte ed esecuzione di brani di musica classica, Bach, Schubert, Paganini, Brahms, e operistica, Rossini, Verdi, Ponchielli, Bizet (ingresso gratuito, prenotazione obbligatoria: <a href=\"mailto:infopoint@turismoincollina.it\" target=\"_blank\">infopoint@turismoincollina.it<\/a>; 349 1356376 anche tramite WhatsApp).<br \/>\nBiglietti: gratuito;<br \/>\nPrenotazione: obbligatoria per i gruppi, <a href=\"mailto:infopoint@turismoincollina.it\" target=\"_blank\">infopoint@turismoincollina.it<\/a>, tel. 333 1365812.<\/p>\n<p><strong>CASTELLO DI SERRALUNGA D\u2019ALBA<\/strong><br \/>\n<strong>Orario:<\/strong> sabato, domenica, luned\u00ec e festivi 10.30-13.30 \/ 14.30-18.30; visite guidate tematiche <em>Il castello segreto<\/em>, sabato 14 agosto alle ore 18.30, e <em>Medioevo in famiglia<\/em>, sabato 21 agosto alle ore 17;<br \/>\n<strong>Biglietti:<\/strong> per le visite ordinarie intero \u20ac 6,00; ridotto \u20ac 3,00 dai 18 ai 25 anni ulteriori riduzioni e gratuit\u00e0 in base a disposizioni di legge e convenzioni (<a href=\"https:\/\/www.castellodiserralunga.it\/it\/visite.php\" target=\"_blank\">https:\/\/www.castellodiserralunga.it\/it\/visite.php<\/a>); per le visite guidate tematiche verificare le tariffe <a href=\"https:\/\/www.castellodiserralunga.it\/it\/\" target=\"_blank\">https:\/\/www.castellodiserralunga.it\/it\/<\/a><br \/>\n<strong>Prenotazione obbligatoria:<\/strong> <a href=\"mailto:info@castellodiserralunga.it\" target=\"_blank\">info@castellodiserralunga.it<\/a><\/p>\n<p><strong>FORTE DI GAVI<\/strong><br \/>\n<strong>Orario:<\/strong> aperto nel mese di agosto nelle seguenti date: 1, dal 4 al 7, dal 12 al 15, dal 18 al 21, dal 26 al 29; visite in gruppo con partenze nei seguenti orari: giorni feriali 8.30, 9.30, 10.30, 11.30, 12.30, 13.30, 14.30, 15.30, 16.30; giorni festivi 9.30, 10.30, 11.30, 12.30, 13.30, 14.30, 15.30, 16.30, 17.30;<br \/>\n<strong>Aperture straordinarie:<\/strong> domenica 1\u00b0 agosto 19-22, oltre all\u2019apertura diurna.<br \/>\n<strong>Biglietti:<\/strong> intero \u20ac 5,00; ridotto \u20ac 2,00 dai 18 ai 25 anni; gratuito per minori di 18 anni; ulteriori riduzioni e gratuit\u00e0 in base a disposizioni di legge e convenzioni;<br \/>\n<strong>Prenotazione obbligatoria:<\/strong> <a href=\"mailto:drm-pie.gavi@beniculturali.it\" target=\"_blank\">drm-pie.gavi@beniculturali.it<\/a>, tel. 0143 643554.<\/p>\n<p>L\u2019ingresso nelle sedi museali \u00e8 subordinato alle modalit\u00e0 di accesso e prenotazione in vigore in base alle prescrizioni anti-Covid. Tutti i dettagli su tariffe, modalit\u00e0 di accesso e prenotazione sono disponibili su questo sito\u00a0nella sezione <a href=\"http:\/\/museipiemonte.cultura.gov.it\/index.php\/musei-e-luoghi-della-cultura\/\" target=\"_blank\">Musei e Luoghi della Cultura<\/a>.<\/p>\n<p>&nbsp;<\/p>\n","protected":false},"excerpt":{"rendered":"<p>Anche quest\u2019anno la cultura non va in vacanza! Nel mese di agosto sono aperte al pubblico le sedi museali gestite dalla Direzione regionale Musei Piemonte del Ministero della cultura, incluso il giorno di domenica 15 [&hellip;]<\/p>\n","protected":false},"author":1,"featured_media":837,"comment_status":"closed","ping_status":"closed","sticky":false,"template":"","format":"standard","meta":{"footnotes":""},"categories":[12,7,9,10,11,4,8,5,6],"tags":[52,58,35,61,43,36,62,40,41,53,25,54],"class_list":["post-7087","post","type-post","status-publish","format-standard","has-post-thumbnail","hentry","category-abbazia-di-vezzolano","category-castello-di-aglie","category-castello-di-moncalieri","category-castello-di-racconigi","category-castello-di-serralunga","category-direzione-regionale-musei","category-forte-di-gavi","category-palazzo-carignano","category-villa-della-regina","tag-abbazia","tag-aglie","tag-castello","tag-concerto","tag-forte","tag-musei","tag-palazzo-carignano","tag-parco","tag-racconigi","tag-vezzolano","tag-villa-della-regina","tag-visita-guidata"],"_links":{"self":[{"href":"https:\/\/museipiemonte.cultura.gov.it\/index.php\/wp-json\/wp\/v2\/posts\/7087","targetHints":{"allow":["GET"]}}],"collection":[{"href":"https:\/\/museipiemonte.cultura.gov.it\/index.php\/wp-json\/wp\/v2\/posts"}],"about":[{"href":"https:\/\/museipiemonte.cultura.gov.it\/index.php\/wp-json\/wp\/v2\/types\/post"}],"author":[{"embeddable":true,"href":"https:\/\/museipiemonte.cultura.gov.it\/index.php\/wp-json\/wp\/v2\/users\/1"}],"replies":[{"embeddable":true,"href":"https:\/\/museipiemonte.cultura.gov.it\/index.php\/wp-json\/wp\/v2\/comments?post=7087"}],"version-history":[{"count":7,"href":"https:\/\/museipiemonte.cultura.gov.it\/index.php\/wp-json\/wp\/v2\/posts\/7087\/revisions"}],"predecessor-version":[{"id":7094,"href":"https:\/\/museipiemonte.cultura.gov.it\/index.php\/wp-json\/wp\/v2\/posts\/7087\/revisions\/7094"}],"wp:featuredmedia":[{"embeddable":true,"href":"https:\/\/museipiemonte.cultura.gov.it\/index.php\/wp-json\/wp\/v2\/media\/837"}],"wp:attachment":[{"href":"https:\/\/museipiemonte.cultura.gov.it\/index.php\/wp-json\/wp\/v2\/media?parent=7087"}],"wp:term":[{"taxonomy":"category","embeddable":true,"href":"https:\/\/museipiemonte.cultura.gov.it\/index.php\/wp-json\/wp\/v2\/categories?post=7087"},{"taxonomy":"post_tag","embeddable":true,"href":"https:\/\/museipiemonte.cultura.gov.it\/index.php\/wp-json\/wp\/v2\/tags?post=7087"}],"curies":[{"name":"wp","href":"https:\/\/api.w.org\/{rel}","templated":true}]}}