{"id":7207,"date":"2021-09-17T12:30:32","date_gmt":"2021-09-17T10:30:32","guid":{"rendered":"http:\/\/museipiemonte.cultura.gov.it\/?p=7207"},"modified":"2021-10-04T11:08:31","modified_gmt":"2021-10-04T09:08:31","slug":"giornate-europee-del-patrimonio-2021-aperture-straordinarie-visite-guidate-e-concerti","status":"publish","type":"post","link":"https:\/\/museipiemonte.cultura.gov.it\/index.php\/2021\/09\/17\/giornate-europee-del-patrimonio-2021-aperture-straordinarie-visite-guidate-e-concerti\/","title":{"rendered":"Giornate Europee del Patrimonio 2021 &#8211; Aperture straordinarie, visite guidate e concerti"},"content":{"rendered":"<p><strong>Sabato 25 e domenica 26 settembre 2021<\/strong> si celebrano le <strong>Giornate Europee del Patrimonio<\/strong>, manifestazione ideata dal Consiglio d&#8217;Europa e dalla Commissione Europea al fine di potenziare e favorire il dialogo e lo scambio in ambito culturale tra le nazioni europee. Si tratta di un&#8217;occasione importante per mettere in rilievo il ruolo centrale della cultura nelle dinamiche sociali, focalizzando l\u2019attenzione sui benefici che derivano dall\u2019esperienza culturale, dalla trasmissione delle conoscenze, nonch\u00e9 sugli aspetti correlati al concetto di eredit\u00e0 culturale.<\/p>\n<p>All\u2019insegna dello slogan <strong><em>Patrimonio culturale: TUTTI inclusi!<\/em><\/strong>, scelto dal Ministero della cultura in linea con il tema europeo Heritage: All inclusive, la <strong>Direzione regionale Musei<\/strong> propone<strong> visite guidate<\/strong>,<strong> spettacoli <\/strong>ed<strong> eventi speciali<\/strong>. Inoltre <strong>sabato 25 settembre<\/strong> sono previste <strong>aperture straordinarie serali <\/strong>con<strong> biglietto<\/strong> di ingresso al costo <strong>simbolico di 1 euro<\/strong>, fermo restando il riconoscimento delle gratuit\u00e0 in vigore.<\/p>\n<p>A Torino la visita agli sfarzosi Appartamenti dei Principi di <strong>Palazzo Carignano<\/strong>, oltre al consueto percorso, include l\u2019<strong>Appartamento di Mezzanotte<\/strong>, solitamente chiuso al pubblico in quanto sede degli uffici della Direzione regionale Musei. \u00c8 cos\u00ec possibile ammirare alcuni degli ambienti affrescati alla fine del Seicento dal pittore lombardo Stefano Maria Legnani, detto il Legnanino, insieme alla sua bottega. Le visite si svolgono <strong>sabato 25 settembre dalle 9.00 alle 21.00<\/strong>, con<strong> biglietto a 1 euro a partire dalle 18.00<\/strong>, e <strong>domenica 26 settembre dalle 9.00 alle 18.00<\/strong>. Proprio il Salone dell\u2019Appartamento di Mezzanotte offre la quinta scenografica per alcuni <strong>appuntamenti<\/strong> dedicati alla <strong>musica barocca<\/strong>. Nell&#8217;ambito della rassegna<strong> \u201cLe Nvove Mvsiche\u201d<\/strong> in collaborazione con l\u2019Associazione Musicaviva,<strong> sabato 25 settembre<\/strong> alle<strong> 16.00<\/strong> e alle<strong> 17.00<\/strong> si esibisce al violino Gioele Pierro, con musiche di Bach (Seconda partita per violino solo in re minore BWV 1004), di Georg Philipp Telemann (Fantasia No. 3 E No 9) e di Ignaz von Biber, (Passacaglia in sol minore per violino). <strong>Domenica 26 settembre <\/strong>alle<strong> 11.00 <\/strong>e alle<strong> 15.00<\/strong>, si tengono, invece, i concerti dell\u2019Ensemble Trigono Armonico, promossi in collaborazione con l&#8217;Accademia Corale Stefano Tempia, dedicati a <em>Tomaso Albinoni e l&#8217;ambiente veneziano nel 350\u00b0 anniversario della nascita<\/em>: i musicisti Maurizio Cadossi (violino e direzione), Claudia Monti (violino), Marco Angilella (violoncello) e Valentino Ermacora (clavicembalo) eseguono musiche di Tomaso Albinoni, Antonio Vivaldi, Alessandro Marcello e Antonio Caldara. Ma non solo. <strong>Domenica 26 settembre <\/strong>alle<strong> 14.30<\/strong>,<strong> 15.30 <\/strong>e<strong> 16.30<\/strong> sono in programma pure le <strong>visite guidate con <em>performance<\/em> teatral<\/strong>i condotte dal gruppo degli attori dell\u2019APS (Associazione di Promozione Sociale) Teatro8: i ragazzi affetti dalla Sindrome di Asperger guidano il pubblico alla scoperta della storia di Palazzo Carignano e dei suoi protagonisti, come Emanuele Filiberto, il principe sordomuto, e la consorte Maria Caterina d&#8217;Este, narrando le vicende che hanno interessato la residenza anche attraverso le figure dell&#8217;architetto Guarino Guarini e di Camillo Benso conte di Cavour. Il progetto, realizzato in collaborazione con l\u2019APS Teatro8, intende ribadire, ancora una volta, come il museo possa essere raccontato da tutti, valorizzando le potenzialit\u00e0 di tutti.<\/p>\n<p>Ai ragazzi coordinati dall\u2019APS Teatro8 si deve anche la voce narrante del video dedicato alla storia di <strong>Villa della Regina<\/strong> che viene presentato <strong>sabato 25 settembre <\/strong>alle<strong> 18.30<\/strong> presso la residenza sulla collina torinese. Nella stessa giornata, <strong>dalle 18.00 alle 21.00 <\/strong>con<strong> biglietto a 1 euro<\/strong>, visite libere alla Villa e alla sua spettacolare cornice di aree verdi che include pure un vigneto, da cui si produce vino Freisa DOC, reimpiantato oltre dieci anni fa per restituire quel tratto distintivo di \u201cvigna\u201d avuto sin dalle origini. Le <strong>visite<\/strong> sono invece possibili a tariffa piena <strong>sabato 25 e domenica 26 settembre dalle 10.00 alle 18.00<\/strong>.<\/p>\n<p>Dopo un articolato intervento conservativo, il complesso museale del <strong>Castello di Agli\u00e8<\/strong> accoglie nuovamente il pubblico negli <strong>Appartamenti Reali<\/strong>, con visite accompagnate, finalizzate a far conoscere i fasti della corte e la vita privata dei sovrani, che si svolgono <strong>sabato 25 e domenica 26 settembre in orario 9.00-12.00 e 14.00-18.00<\/strong> e anche durante l\u2019apertura straordinaria serale di<strong> sabato 25 dalle 19.00 alle 22.00 <\/strong>con<strong> biglietto a 1 euro<\/strong>. Nello stesso fine settimana, ogni mattina, <strong>dalle 9.00 alle 13.00<\/strong>,<strong> visite guidate<\/strong> a cura del giardiniere Dario Druetto, <strong>alla scoperta della vegetazione e dell\u2019arte nel Parco<\/strong>.<\/p>\n<p>All\u2019<strong>Abbazia di Vezzolano<\/strong>, celebre testimonianza di architettura medievale in provincia di Asti,<strong> ingresso gratuito<\/strong> non solo per le visite possibili in orario di apertura, ma anche per la partecipazione alle attivit\u00e0 previste. <strong>Visite guidate<\/strong> al complesso canonicale <strong>sabato 25 settembre<\/strong> con <strong>apertura straordinaria dalle 10.00 alle 20.30 <\/strong>e<strong> domenica 26 settembre in orario 10.00-18.00<\/strong>. E, ancora, <strong>sabato 25 settembre <\/strong>alle<strong> 15.30<\/strong> la chiesa di Santa Maria ospita il <strong>concerto di musica sacra<\/strong> del Gruppo Corale Ensemble La Ghironda di Asti dal titolo<em> In Cammino, musiche e canti di pellegrini medievali<\/em>.<\/p>\n<p>Nel Cuneese gli ambienti della quotidianit\u00e0 a corte sono al centro delle visite accompagnate <em><strong>Il Castello domestico<\/strong><\/em>, proposte dal <strong>Castello di Racconigi<\/strong> per le giornate di <strong>sabato 25 <\/strong>e<strong> domenica 26 settembre dalle 9.00 alle 19.00<\/strong> e anche in occasione dell\u2019<strong>apertura straordinaria serale di sabato 25 dalle 19.30 alle 22.30 <\/strong>con<strong> biglietto a 1 euro<\/strong>. Oltre alla mostra attualmente in corso <em>Storie dal mondo in Castello<\/em> dedicata agli oggetti donati e collezionati da Casa Savoia, \u00e8 cos\u00ec possibile visitare gli ambienti quotidiani della vita di corte in uno speciale percorso che, attraverso gli ambienti novecenteschi al primo e al secondo piano della residenza, permette di conoscere la realt\u00e0 di un tempo, quando i giovani principi giocavano nel Castello e i sovrani restavano affascinati dalle innovazioni tecnologiche dell\u2019epoca.<\/p>\n<p>Tra i colori dello spettacolare paesaggio di colline e vigneti delle Langhe, il <strong>Castello di Serralunga d\u2019Alba<\/strong> aderisce alle Giornate Europee del Patrimonio con le <strong>visite guidate<em> Il Castello di Serralunga d&#8217;Alba, una fortezza inclusiva per tutti<\/em><\/strong> in programma<strong> domenica 26 settembre<\/strong>, con partenza ogni 45 minuti, <strong>dalle 10.30 alle 13.30 e dalle 14.30 alle 18.30<\/strong>. Un\u2019occasione per conoscere il ruolo difensivo che il maniero ha avuto nel corso della sua prima parte di vita come elemento di inclusivit\u00e0 e punto di riferimento per gli abitanti, quando le mura e il Castello accoglievano e davano ospitalit\u00e0 ai borghigiani in caso di attacchi nemici, e anche in seguito, con l\u2019utilizzo della fortezza per immagazzinare derrate alimentari e conservare attrezzi a favore della comunit\u00e0.<\/p>\n<p>In provincia di Alessandria, il <strong>Forte di Gavi<\/strong> propone il <strong>percorso di visita <em>La grande fuga<\/em><\/strong> che ricorda gli eventi storici legati alle evasioni tentate da questa imponente struttura. In seguito al passaggio della propriet\u00e0 a Casa Savoia, il Forte divenne infatti un carcere e, in particolare durante la seconda guerra mondiale, i tentativi di fuga furono molteplici e tra di essi spiccano le vicende rocambolesche dei due ufficiali inglesi Alastair Cram e Jack Pringle. Le visite, accompagnate in gruppo, sono scandite da partenze ogni ora e possono essere effettuate <strong>sabato 25 dalle 8.30 alle 20.30<\/strong>, con <strong>biglietto a 1 euro a partire dalle 17.30<\/strong>, e <strong>domenica 26 dalle 10.30 alle 16.30<\/strong>. Inoltre <strong>domenica<\/strong> si svolgono anche le<strong> visite guidate e animate<\/strong> a cura dell\u2019Associazione \u201cAmici del Forte\u201d.<\/p>\n<p>La visita ai musei e la partecipazione agli eventi \u00e8 su prenotazione obbligatoria; per ogni sede museale \u00e8 opportuno verificare modalit\u00e0 di accesso e contatti per le prenotazioni come da elenco allegato. Tutte le info nella sezione <a href=\"http:\/\/museipiemonte.cultura.gov.it\/index.php\/musei-e-luoghi-della-cultura\/\" target=\"_blank\">Musei e Luoghi della Cultura<\/a>.<\/p>\n<p>&nbsp;<\/p>\n<p><strong>INFO E ORARI<\/strong><\/p>\n<p><strong>PALAZZO CARIGNANO<\/strong><br \/>\nSabato 25 settembre: visite accompagnate agli Appartamenti dei Principi, incluso l\u2019Appartamento di Mezzanotte, orario 9.00-21.00, ultimo ingresso alle 20.30; concerto di musica barocca alle 16.00 e 17.00;<br \/>\nDomenica 26 settembre: visite accompagnate agli Appartamenti dei Principi, incluso l\u2019Appartamento di Mezzanotte, orario 9.00-18.00, ultimo ingresso alle 17.00; concerto di musica barocca alle 11.00 e 15.00; visite guidate con performance teatrali alle 14.30, 15.30 e 16.30;<br \/>\nBiglietti: intero \u20ac 5,00; ridotto \u20ac 2,00 dai 18 ai 25 anni; gratuito per minori di 18 anni; ulteriori riduzioni e gratuit\u00e0 in base a disposizioni di legge; ingresso al concerto di sabato 25 settembre compreso nel biglietto per la visita agli Appartamenti; ingresso al concerto di domenica 26 settembre previo pagamento del biglietto per il concerto \u20ac 5,00 e acquisto del biglietto per l\u2019accesso al percorso museale.<br \/>\nSabato 25 settembre in orario 18.00-21.00 intero \u20ac 1,00;<br \/>\nPrenotazione: obbligatoria;<br \/>\nInfo e prenotazioni: <a href=\"mailto:drm-pie.palazzocarignano@beniculturali.it\" target=\"_blank\">drm-pie.palazzocarignano@beniculturali.it<\/a>; tel. 011 5641733 \u2013 011 5641791.<\/p>\n<p><strong>VILLA DELLA REGINA<\/strong><br \/>\nSabato 25 settembre: visite libere orario 10.00-21.00, ultimo ingresso alle 20.00; alle 18.30 presentazione del video sulla storia di Villa della Regina speakerato dai ragazzi dell\u2019APS Teatro8;<br \/>\nDomenica 26 settembre: visite libere orario 10.00-18.00, ultimo ingresso alle 17.00;<br \/>\nBiglietti: intero \u20ac 7,00; ridotto \u20ac 2,00 dai 18 ai 25 anni; gratuito per minori di 18 anni; ulteriori riduzioni e gratuit\u00e0 in base a disposizioni di legge;<br \/>\nSabato 25 settembre in orario 18.00-21.00 intero \u20ac 1,00;<br \/>\nPrenotazione: obbligatoria;<br \/>\nInfo e prenotazioni: <a href=\"mailto:drm-pie.villadellaregina@beniculturali.it\" target=\"_blank\">drm-pie.villadellaregina@beniculturali.it<\/a>; tel. 011 8195035.<\/p>\n<p><strong>COMPLESSO DEL CASTELLO DI AGLI\u00c8<\/strong><br \/>\nSabato 25 settembre: visite accompagnate agli Appartamenti Reali orario 9.00-12.00, 14.00-18.00, 19.00-22.00; visite guidate al Parco orario 9.00-13.00;<br \/>\nDomenica 26 settembre: visite accompagnate agli Appartamenti Reali orario 9.00-12.00 e 14.00-18.00; visite guidate al Parco orario 9.00-13.00;<br \/>\nBiglietti: intero \u20ac 4,00; ridotto \u20ac 2,00 dai 18 ai 25 anni; gratuito per minori di 18 anni; ulteriori riduzioni e gratuit\u00e0 in base a disposizioni di legge;<br \/>\nSabato 25 settembre in orario 19.00-22.00 intero \u20ac 1,00;<br \/>\nPrenotazione: obbligatoria;<br \/>\nInfo e prenotazioni: <a href=\"mailto:drm-pie.aglie.prenotazioni@beniculturali.it\" target=\"_blank\">drm-pie.aglie.prenotazioni@beniculturali.it<\/a>; tel. 0124 330102.<\/p>\n<p><strong>ABBAZIA DI VEZZOLANO<\/strong><br \/>\nSabato 25 settembre: orario 10.00-20.30, ultimo ingresso alle 20.00; concerto alle 15.30;<br \/>\nDomenica 26 settembre: orario 10.00-18.00, ultimo ingresso alle 16.30; santa messa alle 17.00;<br \/>\nBiglietti: gratuito;<br \/>\nPrenotazione: obbligatoria per i gruppi (max 10 persone + accompagnatore) e per il concerto;<br \/>\nInfo e prenotazioni: <a href=\"mailto:infopoint@turismoincollina.it\" target=\"_blank\">infopoint@turismoincollina.it<\/a>; 333 1365812.<\/p>\n<p><strong>COMPLESSO DEL CASTELLO DI RACCONIGI<\/strong><br \/>\nSabato 25 settembre: orario 9.00-22.30; visite accompagnate Il Castello domestico orario 9.00-19.00; ultimo ingresso alle 18.00, e 19.30-22.30, ultimo ingresso alle 21.00;<br \/>\nDomenica 26 settembre: visite accompagnate Il Castello domestico orario 9.00-19.00; ultimo ingresso alle 18.00;<br \/>\nBiglietti: intero \u20ac 5,00; ridotto \u20ac 2,00 dai 18 ai 25 anni; gratuito per minori di 18 anni; ulteriori riduzioni e gratuit\u00e0 in base a disposizioni di legge;<br \/>\nSabato 25 settembre in orario 19.30-22.30 intero \u20ac 1,00;<br \/>\nPrenotazione: obbligatoria;<br \/>\nInfo e prenotazione: <a href=\"mailto:racconigi.prenotazioni@beniculturali.it\" target=\"_blank\">racconigi.prenotazioni@beniculturali.it<\/a> (servizio attivo dal luned\u00ec al venerd\u00ec dalle 9.00 alle 15.00; la prenotazione \u00e8 da intendersi effettuata solo dopo aver ricevuto conferma via mail da parte dell\u2019ufficio prenotazioni del Castello di Racconigi).; tel. 0172 84005 (servizio attivo il sabato e la domenica dalle 9.00 alle 15.00).<\/p>\n<p><strong>CASTELLO DI SERRALUNGA D\u2019ALBA<\/strong><br \/>\nDomenica 26 settembre: visite guidate Il Castello di Serralunga d&#8217;Alba, una fortezza inclusiva per tutti orario 10.30-13.30 e 14.30-18.30;<br \/>\nBiglietti: intero \u20ac 6,00; ridotto di \u20ac 3,00;<br \/>\nPrenotazione: fortemente consigliata; <a href=\"mailto:info@castellodiserralunga.it\" target=\"_blank\">info@castellodiserralunga.it<\/a>;<br \/>\nPer tutte le info relative a orari e biglietti nelle giornate di sabato 25 e domenica 26 settembre consultare il sito <a href=\"https:\/\/www.castellodiserralunga.it\/it\/\" target=\"_blank\">https:\/\/www.castellodiserralunga.it\/it\/<\/a><\/p>\n<p><strong>FORTE DI GAVI<\/strong><br \/>\nSabato 25 settembre: visite accompagnate La grande fuga orario 8.30-20.30, ultimo ingresso alle 19.30;<br \/>\nDomenica 26 settembre: visite accompagnate La grande fuga orario 10.30-16.30; visite guidate e animate;<br \/>\nBiglietti: intero \u20ac 5,00; ridotto \u20ac 2,00 dai 18 ai 25 anni; gratuito per minori di 18 anni; ulteriori riduzioni e gratuit\u00e0 in base a disposizioni di legge;<br \/>\nSabato 25 settembre in orario 17.30-20.30 intero \u20ac 1,00;<br \/>\nPrenotazione: obbligatoria;<br \/>\nInfo e prenotazioni: <a href=\"mailto:drm-pie.gavi@beniculturali.it\" target=\"_blank\">drm-pie.gavi@beniculturali.it<\/a>; tel. 0143 643554; per le visite guidate animate di domenica 26 settembre <a href=\"mailto:amici@amicidelforte.it\" target=\"_blank\">amici@amicidelforte.it<\/a>, 379 2516414.<\/p>\n<p>&nbsp;<\/p>\n<p><img loading=\"lazy\" decoding=\"async\" class=\"alignnone size-medium wp-image-5745\" src=\"http:\/\/museipiemonte.cultura.gov.it\/wp-content\/uploads\/2020\/09\/Logo-EHD_Italia-Full-color-357x500.png\" alt=\"Logo-EHD_Italia-Full-color\" width=\"357\" height=\"500\" srcset=\"https:\/\/museipiemonte.cultura.gov.it\/wp-content\/uploads\/2020\/09\/Logo-EHD_Italia-Full-color-357x500.png 357w, https:\/\/museipiemonte.cultura.gov.it\/wp-content\/uploads\/2020\/09\/Logo-EHD_Italia-Full-color-230x322.png 230w, https:\/\/museipiemonte.cultura.gov.it\/wp-content\/uploads\/2020\/09\/Logo-EHD_Italia-Full-color-350x490.png 350w, https:\/\/museipiemonte.cultura.gov.it\/wp-content\/uploads\/2020\/09\/Logo-EHD_Italia-Full-color.png 591w\" sizes=\"auto, (max-width: 357px) 100vw, 357px\" \/><\/p>\n","protected":false},"excerpt":{"rendered":"<p>Sabato 25 e domenica 26 settembre 2021 si celebrano le Giornate Europee del Patrimonio, manifestazione ideata dal Consiglio d&#8217;Europa e dalla Commissione Europea al fine di potenziare e favorire il dialogo e lo scambio in [&hellip;]<\/p>\n","protected":false},"author":1,"featured_media":837,"comment_status":"closed","ping_status":"closed","sticky":false,"template":"","format":"standard","meta":{"footnotes":""},"categories":[12,7,10,11,4,8,5,6],"tags":[61,79,36,21,54],"class_list":["post-7207","post","type-post","status-publish","format-standard","has-post-thumbnail","hentry","category-abbazia-di-vezzolano","category-castello-di-aglie","category-castello-di-racconigi","category-castello-di-serralunga","category-direzione-regionale-musei","category-forte-di-gavi","category-palazzo-carignano","category-villa-della-regina","tag-concerto","tag-gep","tag-musei","tag-news","tag-visita-guidata"],"_links":{"self":[{"href":"https:\/\/museipiemonte.cultura.gov.it\/index.php\/wp-json\/wp\/v2\/posts\/7207","targetHints":{"allow":["GET"]}}],"collection":[{"href":"https:\/\/museipiemonte.cultura.gov.it\/index.php\/wp-json\/wp\/v2\/posts"}],"about":[{"href":"https:\/\/museipiemonte.cultura.gov.it\/index.php\/wp-json\/wp\/v2\/types\/post"}],"author":[{"embeddable":true,"href":"https:\/\/museipiemonte.cultura.gov.it\/index.php\/wp-json\/wp\/v2\/users\/1"}],"replies":[{"embeddable":true,"href":"https:\/\/museipiemonte.cultura.gov.it\/index.php\/wp-json\/wp\/v2\/comments?post=7207"}],"version-history":[{"count":6,"href":"https:\/\/museipiemonte.cultura.gov.it\/index.php\/wp-json\/wp\/v2\/posts\/7207\/revisions"}],"predecessor-version":[{"id":7215,"href":"https:\/\/museipiemonte.cultura.gov.it\/index.php\/wp-json\/wp\/v2\/posts\/7207\/revisions\/7215"}],"wp:featuredmedia":[{"embeddable":true,"href":"https:\/\/museipiemonte.cultura.gov.it\/index.php\/wp-json\/wp\/v2\/media\/837"}],"wp:attachment":[{"href":"https:\/\/museipiemonte.cultura.gov.it\/index.php\/wp-json\/wp\/v2\/media?parent=7207"}],"wp:term":[{"taxonomy":"category","embeddable":true,"href":"https:\/\/museipiemonte.cultura.gov.it\/index.php\/wp-json\/wp\/v2\/categories?post=7207"},{"taxonomy":"post_tag","embeddable":true,"href":"https:\/\/museipiemonte.cultura.gov.it\/index.php\/wp-json\/wp\/v2\/tags?post=7207"}],"curies":[{"name":"wp","href":"https:\/\/api.w.org\/{rel}","templated":true}]}}