{"id":739,"date":"2016-04-20T08:43:57","date_gmt":"2016-04-20T07:43:57","guid":{"rendered":"http:\/\/museipiemonte.cultura.gov.it\/?p=739"},"modified":"2016-08-18T11:29:36","modified_gmt":"2016-08-18T10:29:36","slug":"castello-di-aglie-chiusura-temporanea-21-e-22-aprile-2016","status":"publish","type":"post","link":"https:\/\/museipiemonte.cultura.gov.it\/index.php\/2016\/04\/20\/castello-di-aglie-chiusura-temporanea-21-e-22-aprile-2016\/","title":{"rendered":"Castello di Agli\u00e9 &#8211; Chiusura temporanea 21 e 22 aprile 2016"},"content":{"rendered":"<p>Siamo spiacenti di comunicare che il <strong><a href=\"http:\/\/museipiemonte.cultura.gov.it\/index.php\/musei-e-luoghi-della-cultura\/castello-di-aglie\/\">Castello di Agli\u00e9<\/a><\/strong> rester\u00e0 <strong>chiuso al pubblico gioved\u00ec 21 e venerd\u00ec 22 aprile 2016<\/strong> per sopraggiunte necessit\u00e0 di servizio.<\/p>\n<p>Ci scusiamo per il disagio.<\/p>\n<p>Vi ricordiamo che il Castello di Agli\u00e9 \u00e8 aperto dal marted\u00ec alla domenica dalle 8.30 alle 19.30 (ultimo ingresso 18.30).<\/p>\n","protected":false},"excerpt":{"rendered":"<p>Siamo spiacenti di comunicare che il Castello di Agli\u00e9 rester\u00e0 chiuso al pubblico gioved\u00ec 21 e venerd\u00ec 22 aprile 2016 per sopraggiunte necessit\u00e0 di servizio. Ci scusiamo per il disagio. Vi ricordiamo che il Castello [&hellip;]<\/p>\n","protected":false},"author":1,"featured_media":828,"comment_status":"closed","ping_status":"closed","sticky":false,"template":"","format":"standard","meta":{"footnotes":""},"categories":[7],"tags":[58,35,36,21],"class_list":["post-739","post","type-post","status-publish","format-standard","has-post-thumbnail","hentry","category-castello-di-aglie","tag-aglie","tag-castello","tag-musei","tag-news"],"_links":{"self":[{"href":"https:\/\/museipiemonte.cultura.gov.it\/index.php\/wp-json\/wp\/v2\/posts\/739","targetHints":{"allow":["GET"]}}],"collection":[{"href":"https:\/\/museipiemonte.cultura.gov.it\/index.php\/wp-json\/wp\/v2\/posts"}],"about":[{"href":"https:\/\/museipiemonte.cultura.gov.it\/index.php\/wp-json\/wp\/v2\/types\/post"}],"author":[{"embeddable":true,"href":"https:\/\/museipiemonte.cultura.gov.it\/index.php\/wp-json\/wp\/v2\/users\/1"}],"replies":[{"embeddable":true,"href":"https:\/\/museipiemonte.cultura.gov.it\/index.php\/wp-json\/wp\/v2\/comments?post=739"}],"version-history":[{"count":3,"href":"https:\/\/museipiemonte.cultura.gov.it\/index.php\/wp-json\/wp\/v2\/posts\/739\/revisions"}],"predecessor-version":[{"id":772,"href":"https:\/\/museipiemonte.cultura.gov.it\/index.php\/wp-json\/wp\/v2\/posts\/739\/revisions\/772"}],"wp:featuredmedia":[{"embeddable":true,"href":"https:\/\/museipiemonte.cultura.gov.it\/index.php\/wp-json\/wp\/v2\/media\/828"}],"wp:attachment":[{"href":"https:\/\/museipiemonte.cultura.gov.it\/index.php\/wp-json\/wp\/v2\/media?parent=739"}],"wp:term":[{"taxonomy":"category","embeddable":true,"href":"https:\/\/museipiemonte.cultura.gov.it\/index.php\/wp-json\/wp\/v2\/categories?post=739"},{"taxonomy":"post_tag","embeddable":true,"href":"https:\/\/museipiemonte.cultura.gov.it\/index.php\/wp-json\/wp\/v2\/tags?post=739"}],"curies":[{"name":"wp","href":"https:\/\/api.w.org\/{rel}","templated":true}]}}