{"id":8039,"date":"2022-05-04T11:57:17","date_gmt":"2022-05-04T09:57:17","guid":{"rendered":"http:\/\/museipiemonte.cultura.gov.it\/?p=8039"},"modified":"2022-06-29T10:29:02","modified_gmt":"2022-06-29T08:29:02","slug":"nuove-modalita-di-accesso-a-musei-e-luoghi-della-cultura-dal-01-05-22","status":"publish","type":"post","link":"https:\/\/museipiemonte.cultura.gov.it\/index.php\/2022\/05\/04\/nuove-modalita-di-accesso-a-musei-e-luoghi-della-cultura-dal-01-05-22\/","title":{"rendered":"Nuove modalit\u00e0 di accesso a musei e luoghi della cultura dal 01.05.22"},"content":{"rendered":"<p>Cambiano le modalit\u00e0 di accesso ai nostri musei: <strong>da domenica 1\u00b0 maggio<\/strong> non \u00e8 pi\u00f9 previsto l&#8217;obbligo di presentazione di certificazioni (Green Pass), n\u00e9 l&#8217;obbligo di indossare dispositivi di protezione delle vie respiratorie all&#8217;interno dei Musei e Luoghi della Cultura nel corso della normale attivit\u00e0 di visita. \u00c8 tuttavia <span style=\"text-decoration: underline;\">fortemente consigliato l&#8217;uso della mascherina all&#8217;interno dei locali.<\/span><\/p>\n<p>Per la <span style=\"text-decoration: underline;\">partecipazione a eventi, spettacoli e concerti<\/span> che si svolgono al chiuso, anche all\u2019interno dei percorsi museali, <span style=\"text-decoration: underline;\">\u00e8 ancora obbligatorio indossare la mascherina FFP2<\/span>.<\/p>\n","protected":false},"excerpt":{"rendered":"<p>Cambiano le modalit\u00e0 di accesso ai nostri musei: da domenica 1\u00b0 maggio non \u00e8 pi\u00f9 previsto l&#8217;obbligo di presentazione di certificazioni (Green Pass), n\u00e9 l&#8217;obbligo di indossare dispositivi di protezione delle vie respiratorie all&#8217;interno dei [&hellip;]<\/p>\n","protected":false},"author":1,"featured_media":837,"comment_status":"closed","ping_status":"closed","sticky":false,"template":"","format":"standard","meta":{"footnotes":""},"categories":[64,12,7,9,10,11,4,8,5,6],"tags":[93,178,188,36,21],"class_list":["post-8039","post","type-post","status-publish","format-standard","has-post-thumbnail","hentry","category-abbazia-di-fruttuaria","category-abbazia-di-vezzolano","category-castello-di-aglie","category-castello-di-moncalieri","category-castello-di-racconigi","category-castello-di-serralunga","category-direzione-regionale-musei","category-forte-di-gavi","category-palazzo-carignano","category-villa-della-regina","tag-accessibilita","tag-coronavirus","tag-covid-19","tag-musei","tag-news"],"_links":{"self":[{"href":"https:\/\/museipiemonte.cultura.gov.it\/index.php\/wp-json\/wp\/v2\/posts\/8039","targetHints":{"allow":["GET"]}}],"collection":[{"href":"https:\/\/museipiemonte.cultura.gov.it\/index.php\/wp-json\/wp\/v2\/posts"}],"about":[{"href":"https:\/\/museipiemonte.cultura.gov.it\/index.php\/wp-json\/wp\/v2\/types\/post"}],"author":[{"embeddable":true,"href":"https:\/\/museipiemonte.cultura.gov.it\/index.php\/wp-json\/wp\/v2\/users\/1"}],"replies":[{"embeddable":true,"href":"https:\/\/museipiemonte.cultura.gov.it\/index.php\/wp-json\/wp\/v2\/comments?post=8039"}],"version-history":[{"count":1,"href":"https:\/\/museipiemonte.cultura.gov.it\/index.php\/wp-json\/wp\/v2\/posts\/8039\/revisions"}],"predecessor-version":[{"id":8040,"href":"https:\/\/museipiemonte.cultura.gov.it\/index.php\/wp-json\/wp\/v2\/posts\/8039\/revisions\/8040"}],"wp:featuredmedia":[{"embeddable":true,"href":"https:\/\/museipiemonte.cultura.gov.it\/index.php\/wp-json\/wp\/v2\/media\/837"}],"wp:attachment":[{"href":"https:\/\/museipiemonte.cultura.gov.it\/index.php\/wp-json\/wp\/v2\/media?parent=8039"}],"wp:term":[{"taxonomy":"category","embeddable":true,"href":"https:\/\/museipiemonte.cultura.gov.it\/index.php\/wp-json\/wp\/v2\/categories?post=8039"},{"taxonomy":"post_tag","embeddable":true,"href":"https:\/\/museipiemonte.cultura.gov.it\/index.php\/wp-json\/wp\/v2\/tags?post=8039"}],"curies":[{"name":"wp","href":"https:\/\/api.w.org\/{rel}","templated":true}]}}