{"id":835,"date":"2016-06-01T00:01:53","date_gmt":"2016-05-31T23:01:53","guid":{"rendered":"http:\/\/museipiemonte.cultura.gov.it\/?p=835"},"modified":"2016-05-24T11:23:41","modified_gmt":"2016-05-24T10:23:41","slug":"musica-in-villa-le-stagioni-e-il-violino-del-prete-rosso-12-giugno","status":"publish","type":"post","link":"https:\/\/museipiemonte.cultura.gov.it\/index.php\/2016\/06\/01\/musica-in-villa-le-stagioni-e-il-violino-del-prete-rosso-12-giugno\/","title":{"rendered":"Musica in Villa &#8211; Le stagioni e il violino del Prete Rosso &#8211; 12 giugno"},"content":{"rendered":"<p><strong>Domenica 12 giugno alle ore 18.00<\/strong> andr\u00e0 in scena a <a href=\"http:\/\/museipiemonte.cultura.gov.it\/index.php\/musei-e-luoghi-della-cultura\/villa-della-regina\/\" target=\"_blank\"><strong>Villa della Regina<\/strong><\/a> il secondo concerto della rassegna &#8220;Musica in Villa&#8221;.<br \/>\nL\u2019esordio dello scorso 15 maggio \u00e8 stato accolto con uno straordinario successo di pubblico, che \u00e8 andato ben oltre le aspettative degli organizzatori. Il secondo appuntamento si terr\u00e0 nell\u2019Esedra dei giardini della Villa, come sempre a ingresso gratuito, ma con la prenotazione obbligatoria del posto via mail all&#8217;indirizzo <a href=\"mailto:concerti@musicainvilla.com\" target=\"_blank\">concerti@musicainvilla.com<\/a><br \/>\nAllo stesso indirizzo sar\u00e0 possibile prenotare una visita guidata della Villa che avr\u00e0 inizio un&#8217;ora prima del concerto.<br \/>\nDopo il concerto verr\u00e0 offerto un aperitivo al pubblico presente.<\/p>\n<p><strong>Programma del concerto<\/strong><br \/>\n<em><strong>Le stagioni e il violino del Prete Rosso<\/strong><\/em><br \/>\nNel 1703 Vivaldi \u00e8 ordinato prete, e questo particolare, unito alla sua selvaggia capigliatura rossa gli valsero il soprannome di \u201cPrete rosso\u201d. Un appellativo temprato anche dal tipo di musica, estremamente vivace, contagiosa e altamente virtuosistica che Vivaldi ha sempre saputo scrivere. In questa proposta concertistica all\u2019esecuzione di quelli che sono i concerti pi\u00f9 conosciuti del maestro veneziano, le Quattro Stagioni, vengono accostate pagine di mirabile bellezza musicale e di grande virtuosismo violinistico e orchestrale.<\/p>\n<p>Antonio Vivaldi<br \/>\n<em>3 Concerti per archi e basso continuo<\/em><br \/>\n<em>In Do Magg. RV115, Sol min. RV 154, La Magg. RV 159<\/em><br \/>\n<em><br \/>\nDal Cimento dell\u2019Armonia e dell\u2019Inventione<\/em><br \/>\n<em>Concerto \u201cLa Primavera\u201d in Mi Maggiore<\/em><br \/>\n<em>Concerto \u201cL\u2019Estate\u201d in Sol Minore<\/em><br \/>\n<em>Concerto \u201cL\u2019Autunno\u201d in Fa maggiore<\/em><br \/>\n<em>Concerto \u201cL\u2019Inverno\u201d in Fa minore<\/em><\/p>\n<p>Violino solista Claudio Andriani<br \/>\nEnsemble Italico Splendore<\/p>\n","protected":false},"excerpt":{"rendered":"<p>Domenica 12 giugno alle ore 18.00 andr\u00e0 in scena a Villa della Regina il secondo concerto della rassegna &#8220;Musica in Villa&#8221;. L\u2019esordio dello scorso 15 maggio \u00e8 stato accolto con uno straordinario successo di pubblico, [&hellip;]<\/p>\n","protected":false},"author":1,"featured_media":780,"comment_status":"closed","ping_status":"closed","sticky":false,"template":"","format":"standard","meta":{"footnotes":""},"categories":[6],"tags":[61,36,66,21,40,25],"class_list":["post-835","post","type-post","status-publish","format-standard","has-post-thumbnail","hentry","category-villa-della-regina","tag-concerto","tag-musei","tag-musica-in-villa","tag-news","tag-parco","tag-villa-della-regina"],"_links":{"self":[{"href":"https:\/\/museipiemonte.cultura.gov.it\/index.php\/wp-json\/wp\/v2\/posts\/835","targetHints":{"allow":["GET"]}}],"collection":[{"href":"https:\/\/museipiemonte.cultura.gov.it\/index.php\/wp-json\/wp\/v2\/posts"}],"about":[{"href":"https:\/\/museipiemonte.cultura.gov.it\/index.php\/wp-json\/wp\/v2\/types\/post"}],"author":[{"embeddable":true,"href":"https:\/\/museipiemonte.cultura.gov.it\/index.php\/wp-json\/wp\/v2\/users\/1"}],"replies":[{"embeddable":true,"href":"https:\/\/museipiemonte.cultura.gov.it\/index.php\/wp-json\/wp\/v2\/comments?post=835"}],"version-history":[{"count":1,"href":"https:\/\/museipiemonte.cultura.gov.it\/index.php\/wp-json\/wp\/v2\/posts\/835\/revisions"}],"predecessor-version":[{"id":836,"href":"https:\/\/museipiemonte.cultura.gov.it\/index.php\/wp-json\/wp\/v2\/posts\/835\/revisions\/836"}],"wp:featuredmedia":[{"embeddable":true,"href":"https:\/\/museipiemonte.cultura.gov.it\/index.php\/wp-json\/wp\/v2\/media\/780"}],"wp:attachment":[{"href":"https:\/\/museipiemonte.cultura.gov.it\/index.php\/wp-json\/wp\/v2\/media?parent=835"}],"wp:term":[{"taxonomy":"category","embeddable":true,"href":"https:\/\/museipiemonte.cultura.gov.it\/index.php\/wp-json\/wp\/v2\/categories?post=835"},{"taxonomy":"post_tag","embeddable":true,"href":"https:\/\/museipiemonte.cultura.gov.it\/index.php\/wp-json\/wp\/v2\/tags?post=835"}],"curies":[{"name":"wp","href":"https:\/\/api.w.org\/{rel}","templated":true}]}}