{"id":8530,"date":"2022-09-01T15:10:21","date_gmt":"2022-09-01T13:10:21","guid":{"rendered":"http:\/\/museipiemonte.cultura.gov.it\/?p=8530"},"modified":"2022-10-05T12:56:46","modified_gmt":"2022-10-05T10:56:46","slug":"intorno-a-palazzo-carignano-ciclo-di-conferenze-dal-20-settembre","status":"publish","type":"post","link":"https:\/\/museipiemonte.cultura.gov.it\/index.php\/2022\/09\/01\/intorno-a-palazzo-carignano-ciclo-di-conferenze-dal-20-settembre\/","title":{"rendered":"Intorno a Palazzo Carignano \u2013 Ciclo di conferenze \u2013 dal 20 settembre"},"content":{"rendered":"<blockquote>\n<p style=\"text-align: center;\"><strong><a href=\"http:\/\/museipiemonte.cultura.gov.it\/?p=8530\">La conferenza inizialmente prevista per marted\u00ec 11 ottobre \u00e8 rimandata a marted\u00ec 25 ottobre<\/a><\/strong><\/p>\n<\/blockquote>\n<p>Si apre nel mese di <strong>settembre<\/strong> il secondo <strong>ciclo di conferenze <em>Intorno a Palazzo Carignano<\/em><\/strong>, promosso dalla Direzione regionale Musei e dal Consorzio delle Residenze Reali Sabaude. Il <strong>programma<\/strong> degli incontri \u00e8 dedicato quest\u2019anno alla storia della residenza nei primi decenni successivi alla sua costruzione, fra <strong>Seicento e Settecento<\/strong>. Storici dell\u2019architettura dell\u2019Universit\u00e0 e del Politecnico di Torino\u00a0focalizzano l&#8217;attenzione su scalinate, sale e giardini del Palazzo, offrendo, dunque, un\u2019occasione unica per scoprire la storia di uno dei capolavori del barocco torinese ed europeo.<br \/>\nIl <strong>primo appuntamento<\/strong> \u00e8 <strong>marted\u00ec 20 settembre<\/strong> per un insieme di <strong>4 conferenze<\/strong>, una per <strong>ogni marted\u00ec del mese<\/strong>, sempre alle <strong>ore 17<\/strong>, nel Salone dell\u2019Appartamento di Mezzanotte di <strong>Palazzo Carignano<\/strong>.<\/p>\n<p>&nbsp;<\/p>\n<p><em><strong>Intorno a Palazzo Carignano<\/strong><\/em><br \/>\n<em><strong> Il Palazzo del principe fra scale e giardini<\/strong><\/em><\/p>\n<p>PROGRAMMA<\/p>\n<p>marted\u00ec 20 settembre ore 17<br \/>\nPaolo Cornaglia, Politecnico di Torino<br \/>\n<em>Da Jean Vignon a Michel Benard: il giardino di Palazzo Carignano a Torino<\/em><\/p>\n<p>marted\u00ec 27 settembre ore 17<br \/>\nRoberto Caterino, Universit\u00e0 degli Studi di Torino<br \/>\n<em>Una questione di rango. Scale e cerimoniale alla corte sabauda<\/em><\/p>\n<p>marted\u00ec 4 ottobre ore 17<br \/>\nGiuseppe Dardanello, Universit\u00e0 degli Studi di Torino<br \/>\n<em>Guarino Guarini. I disegni e il cantiere di Palazzo Carignano<\/em><\/p>\n<p>marted\u00ec <del>11 ottobre<\/del>\u00a025 ottobre ore 17<br \/>\nEdoardo Piccoli, Politecnico di Torino<br \/>\n<em>Guarini costruttore. Le scale ovali di Palazzo Carignano<\/em><\/p>\n<p>&nbsp;<\/p>\n<p>Palazzo Carignano, Salone dell\u2019Appartamento di Mezzanotte<br \/>\nvia Accademia delle Scienze, 5 \u2013 Torino<br \/>\nIngresso gratuito fino ad esaurimento posti<br \/>\nInfo e prenotazioni: drm-pie.palazzocarignano@cultura.gov.it; 011 5641733-791<\/p>\n<p><a href=\"http:\/\/museipiemonte.cultura.gov.it\/wp-content\/uploads\/2022\/09\/ciclo-di-conferenze_Intorno-a-Palazzo-Carignano.pdf\" target=\"_blank\">Scarica la locandina<\/a><\/p>\n","protected":false},"excerpt":{"rendered":"<p>La conferenza inizialmente prevista per marted\u00ec 11 ottobre \u00e8 rimandata a marted\u00ec 25 ottobre Si apre nel mese di settembre il secondo ciclo di conferenze Intorno a Palazzo Carignano, promosso dalla Direzione regionale Musei e [&hellip;]<\/p>\n","protected":false},"author":1,"featured_media":1020,"comment_status":"closed","ping_status":"closed","sticky":false,"template":"","format":"standard","meta":{"footnotes":""},"categories":[4,5],"tags":[51,62],"class_list":["post-8530","post","type-post","status-publish","format-standard","has-post-thumbnail","hentry","category-direzione-regionale-musei","category-palazzo-carignano","tag-conferenza","tag-palazzo-carignano"],"_links":{"self":[{"href":"https:\/\/museipiemonte.cultura.gov.it\/index.php\/wp-json\/wp\/v2\/posts\/8530","targetHints":{"allow":["GET"]}}],"collection":[{"href":"https:\/\/museipiemonte.cultura.gov.it\/index.php\/wp-json\/wp\/v2\/posts"}],"about":[{"href":"https:\/\/museipiemonte.cultura.gov.it\/index.php\/wp-json\/wp\/v2\/types\/post"}],"author":[{"embeddable":true,"href":"https:\/\/museipiemonte.cultura.gov.it\/index.php\/wp-json\/wp\/v2\/users\/1"}],"replies":[{"embeddable":true,"href":"https:\/\/museipiemonte.cultura.gov.it\/index.php\/wp-json\/wp\/v2\/comments?post=8530"}],"version-history":[{"count":11,"href":"https:\/\/museipiemonte.cultura.gov.it\/index.php\/wp-json\/wp\/v2\/posts\/8530\/revisions"}],"predecessor-version":[{"id":8607,"href":"https:\/\/museipiemonte.cultura.gov.it\/index.php\/wp-json\/wp\/v2\/posts\/8530\/revisions\/8607"}],"wp:featuredmedia":[{"embeddable":true,"href":"https:\/\/museipiemonte.cultura.gov.it\/index.php\/wp-json\/wp\/v2\/media\/1020"}],"wp:attachment":[{"href":"https:\/\/museipiemonte.cultura.gov.it\/index.php\/wp-json\/wp\/v2\/media?parent=8530"}],"wp:term":[{"taxonomy":"category","embeddable":true,"href":"https:\/\/museipiemonte.cultura.gov.it\/index.php\/wp-json\/wp\/v2\/categories?post=8530"},{"taxonomy":"post_tag","embeddable":true,"href":"https:\/\/museipiemonte.cultura.gov.it\/index.php\/wp-json\/wp\/v2\/tags?post=8530"}],"curies":[{"name":"wp","href":"https:\/\/api.w.org\/{rel}","templated":true}]}}