{"id":8553,"date":"2022-09-15T11:10:37","date_gmt":"2022-09-15T09:10:37","guid":{"rendered":"http:\/\/museipiemonte.cultura.gov.it\/?p=8553"},"modified":"2022-09-21T15:34:28","modified_gmt":"2022-09-21T13:34:28","slug":"giornate-europee-del-patrimonio-2022-aperture-straordinarie-visite-guidate-e-concerti","status":"publish","type":"post","link":"https:\/\/museipiemonte.cultura.gov.it\/index.php\/2022\/09\/15\/giornate-europee-del-patrimonio-2022-aperture-straordinarie-visite-guidate-e-concerti\/","title":{"rendered":"Giornate Europee del Patrimonio 2022 \u2013 Aperture straordinarie, visite guidate e concerti"},"content":{"rendered":"<p><strong>Sabato 24 e domenica 25 settembre 2022<\/strong> si celebrano le <strong>Giornate Europee del Patrimonio<\/strong>, manifestazione ideata dal Consiglio d&#8217;Europa e dalla Commissione Europea al fine di potenziare e favorire il dialogo e lo scambio in ambito culturale tra le nazioni europee. \u00c8 un&#8217;occasione importante per mettere in rilievo il ruolo centrale della cultura nelle dinamiche sociali, focalizzando l\u2019attenzione sui benefici che derivano dall\u2019esperienza culturale, dalla trasmissione delle conoscenze, nonch\u00e9 sugli aspetti correlati al concetto di eredit\u00e0 culturale.<br \/>\nAll\u2019insegna dello slogan <em><strong>Patrimonio culturale sostenibile: un\u2019eredit\u00e0 per il futuro<\/strong><\/em>, scelto dal Ministero della cultura in linea con il tema europeo <em>Sustainable Heritage<\/em>, la <strong>Direzione regionale Musei<\/strong> propone <strong>visite guidate, eventi e spettacoli<\/strong>. Inoltre <strong>sabato 24 settembre<\/strong> sono previste <strong>aperture straordinarie serali<\/strong> con <strong>biglietto<\/strong> di ingresso al costo <strong>simbolico di 1 euro<\/strong>, fermo restando il riconoscimento delle gratuit\u00e0 in vigore.<br \/>\nA Torino la visita agli sfarzosi Appartamenti dei Principi di <strong>Palazzo Carignano<\/strong>, oltre al consueto percorso, include anche l\u2019<strong>Appartamento di Mezzanotte<\/strong>, solitamente chiuso al pubblico in quanto sede degli uffici della Direzione regionale Musei. \u00c8 cos\u00ec possibile ammirare gli ambienti con le magnificenti volte affrescate alla fine del Seicento dal pittore lombardo Stefano Maria Legnani, detto il Legnanino, insieme alla sua bottega. Le visite si svolgono <strong>sabato 24 settembre dalle 10.00 alle 21.00<\/strong>, con <strong>biglietto a 1 euro a partire dalle 18.00<\/strong>, e <strong>domenica 25 settembre dalle 10.00 alle 18.00<\/strong>.<br \/>\nA <strong>Villa della Regina<\/strong> non solo \u00e8 possibile visitare liberamente il complesso museale <strong>sabato 24 settembre dalle 10.00 alle 21.00<\/strong>, con <strong>biglietto a 1 euro a partire dalle 18.00<\/strong>, e <strong>domenica 25 settembre dalle 10.00 alle 18.00<\/strong>, ma sono in programma diverse attivit\u00e0. Si comincia <strong>sabato 24 settembre <\/strong>alle<strong> 10.30<\/strong> con la <strong>visita<\/strong> dedicata ai <strong>giardini<\/strong> condotta da una guida d\u2019eccezione, l\u2019architetto <strong>Federico Fontana<\/strong>, progettista e direttore dei lavori di restauro che hanno interessato la residenza dal 1985 al 2011. Autore di numerose pubblicazioni sul paesaggio e sui giardini storici, Fontana illustra gli aspetti peculiari dell\u2019intero complesso, dalla composizione del Teatro delle acque alla destinazione agricola di parte delle aree verdi, analizzandone gli usi originari e attuali attraverso curiosit\u00e0 storiche e botaniche. Alle <strong>16.30<\/strong> nel Salone d\u2019Onore si tiene il <strong>concerto di musica classica<\/strong> organizzato in collaborazione con l\u2019Associazione Musicaviva: Eleonora Savio esegue la Sonata per arpa (Allegro vivace Sarabanda Finale) di Alfredo Casella (1883-1947), Variazione sul Capriccio 24 di Paganini di Mikhail Mchedelov (1903-1974) e F\u00e9erie: Prelude et Danse Berceuse Russe Au Matin di Marcel Tournier (1879-1951). <strong>Domenica 25 settembre<\/strong> in orario <strong>10.30-11.30<\/strong>, <strong>lezione di yoga<\/strong> nei giardini, promossa in collaborazione con l\u2019Associazione Amici di Villa della Regina, trasformando la cornice verde che si affaccia sulla citt\u00e0 in un magnifico teatro in cui godere di un patrimonio culturale e naturale, preziosa eredit\u00e0 per il nostro futuro.<br \/>\nIl <strong>Castello di Moncalieri<\/strong> apre le sue porte anche in orario serale: <strong>sabato 24 settembre<\/strong> accoglie infatti il pubblico <strong>dalle 10.00 alle 21.00<\/strong>, con <strong>biglietto a 1 euro a partire dalle 18.00<\/strong>, mentre domenica 25 settembre osserva il consueto orario dalle 10.00 alle 18.00. In occasione dell&#8217;apertura\u00a0di <strong>sabato 24 settembre<\/strong> con ingresso a tariffa agevolata, <strong>dalle 18.00 alle 20.00<\/strong>, in programma\u00a0tre visite guidate con la presenza e il contributo del direttore della residenza e della restauratrice che cura le collezioni, insieme a personaggi in costumi storici ottocenteschi dell&#8217;Associazione Historia Subalpina.\u00a0La visita porta all\u2019interno della Cappella Reale, negli appartamenti delle principesse Maria Letizia e Maria Clotilde e in quelli del re Vittorio Emanuele II e della consorte Maria Adelaide. In questi ambienti il 20 novembre 1849 fu firmato il Proclama di Moncalieri, controfirmato da Massimo d\u2019Azeglio, con cui il re sciolse la Camera dei Deputati e fece approvare il trattato di pace con l\u2019Austria, al termine della prima guerra d\u2019indipendenza.<br \/>\nAl<strong> Castello di Agli\u00e8<\/strong>, <strong>sabato 24 e domenica 25 settembre<\/strong>, in <strong>orario 9.00-13.00 e 14.00-19.00<\/strong>, visite accompagnate agli <strong>Appartamenti Reali<\/strong>, attraverso un percorso che, per l&#8217;occasione, prosegue anche nella Cappella di San Massimo, costruita tra il 1642 e il 1657, su progetto attribuito all\u2019architetto Amedeo di Castellamonte, e decorata da raffinati stucchi seicenteschi opera di maestranze luganesi. Nello stesso fine settimana, ogni mattina, alle <strong>9.30<\/strong> e alle <strong>11.00<\/strong>, <strong>visite guidate<\/strong> a cura del giardiniere Dario Druetto, alla scoperta della vegetazione e dell\u2019arte nei <strong>giardini<\/strong> e nel <strong>parco<\/strong>.<br \/>\nL&#8217;<strong>area archeologica di Industria<\/strong>, a Monteu da Po, <strong>sabato 24 settembre dalle 17.30 alle 20.00<\/strong> ospita l&#8217;VIII edizione dell&#8217;evento <strong><em>Tramonto a Industria<\/em><\/strong>, a cura dell&#8217;Associazione Culturale Athena, con visite guidate animate da attori vestiti da antichi romani (<em>tableaux vivants<\/em>), l\u2019esibizione del soprano Daniela Catalano che canta arie dall&#8217;Aida di Giuseppe Verdi, gli studenti dell&#8217;Istituto musicale Senigallia di Chivasso che eseguono brani musicali e la performance delle allieve della scuola Eurogymnica di Torino. Inoltre, nella stessa giornata, <strong>dalle 9.00 alle 10.30<\/strong> su prenotazione, l\u2019area pu\u00f2 essere visitata nell&#8217;ambito di <strong>passeggiate archeologiche<\/strong> dedicate alla scoperta dell&#8217;antica citt\u00e0 di Industria anche attraverso i reperti provenienti dalla citt\u00e0 romana reimpiegati nelle murature delle chiese circostanti.<br \/>\nAll\u2019<strong>Abbazia di Vezzolano<\/strong>, celebre testimonianza di architettura medievale in provincia di Asti, <strong>ingresso gratuito<\/strong> per le visite al complesso canonicale <strong>sabato 24 settembre<\/strong> in <strong>orario 10.00-20.00<\/strong> e <strong>domenica 25 settembre<\/strong> in <strong>orario 10.00-18.00<\/strong>. \u00c8 previsto, invece, il pagamento di un <strong>biglietto<\/strong> per gli eventi: il <strong>concerto<\/strong> di musica sacra <em>IN&#8230; CANTO SACRO<\/em> che si svolge sabato 24 settembre alle 21.00 nella chiesa di Santa Maria con la Corale Polifonica Il Castello di Rivoli, diretta da Massimo Peiretti; lo <strong>spettacolo<\/strong> di <strong>domenica 25 settembre alle 15.30<\/strong> in cui il gruppo Ij Danseur d\u00ebl Pilon esegue <strong>danze popolari piemontesi<\/strong>, accompagnato da musica suonata con strumenti tradizionali (viella, ghironda, ecc.).<br \/>\nAl <strong>Castello di Racconigi<\/strong>, nelle giornate di <strong>sabato 24 e domenica 25 settembre<\/strong>, doppio appuntamento in collaborazione con il gruppo storico Nobilt\u00e0 Sabauda: <strong>dalle 11.00 alle 12.00 <em>Promenade reale<\/em><\/strong> con dame e cavalieri in costumi d\u2019epoca che passeggiano lungo il percorso aperto al pubblico, sostando nei pressi della Dacia Russa; <strong>dalle 14.00 alle 18.00 <em>Un pomeriggio a corte<\/em><\/strong> per rievocare la vita quotidiana al primo piano, al secondo piano e nelle cucine, tra le sale di rappresentanza e gli appartamenti privati della residenza. Inoltre <strong>sabato 24 settembre<\/strong>, in occasione dell\u2019apertura straordinaria serale <strong>dalle 19.30 alle 22.30 con biglietto a 1 euro<\/strong>, visite accompagnate dedicate agli ambienti, ai personaggi e alla vita novecentesca nel Castello, attraverso un itinerario che comprende gli appartamenti destinati all\u2019uso privato della famiglia reale, inclusi quelli dei principini utilizzati nel primo quarto del Novecento dal principe ereditario Umberto insieme alle sorelle Jolanda, Mafalda, Giovanna e Maria.<br \/>\nImmerso nello spettacolare paesaggio di colline e vigneti delle Langhe, il <strong>Castello di Serralunga d\u2019Alba<\/strong> propone <strong>domenica 25 settembre<\/strong> alle <strong>10.30<\/strong> una <strong>visita guidata<\/strong> sui restauri conservativi realizzati nel tempo, da quelli seguiti dall\u2019arch. Mesturino negli anni Cinquanta, dopo l\u2019acquisizione del maniero da parte di Luigi Einaudi, a quelli degli affreschi votivi nella cappella del salone nobiliare, fino agli ultimi lavori di risanamento e pulitura della volta e delle pareti che, negli ultimi due anni, sono stati effettuati nel salone al secondo piano.<\/p>\n<p>&nbsp;<\/p>\n<p><strong>INFO E ORARI<br \/>\n<\/strong><br \/>\n<strong> PALAZZO CARIGNANO<\/strong><br \/>\nSabato 24 settembre: visite accompagnate agli Appartamenti dei Principi, incluso l\u2019Appartamento di Mezzanotte, orario 10.00-21.00, ultimo ingresso alle 20.00;<br \/>\nDomenica 25 settembre: visite accompagnate agli Appartamenti dei Principi, incluso l\u2019Appartamento di Mezzanotte, orario 10.00-18.00, ultimo ingresso alle 17.00;<br \/>\nBiglietti: intero \u20ac 5,00; ridotto \u20ac 2,00 dai 18 ai 25 anni; gratuito per minori di 18 anni; ulteriori riduzioni e gratuit\u00e0 in base a disposizioni di legge;<br \/>\nSabato 24 settembre in orario 18.00-21.00 intero \u20ac 1,00;<br \/>\nPrenotazione: fortemente consigliata;<br \/>\nInfo e prenotazioni: <a href=\"mailto:drm-pie.palazzocarignano@cultura.gov.it\" target=\"_blank\">drm-pie.palazzocarignano@cultura.gov.it<\/a>; tel. 011 5641733 \u2013 011 5641791.<\/p>\n<p><strong>VILLA DELLA REGINA<\/strong><br \/>\nSabato 24 settembre: visite libere orario 10.00-21.00, ultimo ingresso alle 20.00; alle 10.30 visita guidata ai giardini con F. Fontana; alle 16.30 concerto di musica classica;<br \/>\nDomenica 25 settembre: visite libere orario 10.00-18.00, ultimo ingresso alle 17.00; dalle 10.30 alle 11.30 lezione di yoga nei giardini;<br \/>\nBiglietti: intero \u20ac 7,00; ridotto \u20ac 2,00 dai 18 ai 25 anni; gratuito per minori di 18 anni; ulteriori riduzioni e gratuit\u00e0 in base a disposizioni di legge;<br \/>\nSabato 24 settembre in orario 18.00-21.00 intero \u20ac 1,00;<br \/>\nPrenotazione: obbligatoria per la visita con Fontana del 24 e per la lezione di yoga del 25 settembre; facoltativa per il concerto di musica classica del 24 settembre;<br \/>\nInfo e prenotazioni: <a href=\"mailto:drm-pie.villadellaregina@cultura.gov.it\" target=\"_blank\">drm-pie.villadellaregina@cultura.gov.it<\/a>; tel. 011 8195035.<\/p>\n<p><strong>CASTELLO DI MONCALIERI<\/strong><br \/>\nSabato 24 settembre: visite agli Appartamenti Reali, orario 10.00-21.00, ultimo ingresso alle 20.00;<br \/>\nDomenica 25 settembre: visite agli Appartamenti Reali, orario 10.00-18.00, ultimo ingresso alle 17.00;<br \/>\nBiglietti: \u20ac 7,00;<br \/>\nSabato 24 settembre in orario 18.00-21.00 intero \u20ac 1,00;<br \/>\nPrenotazione obbligatoria online: <a href=\"http:\/\/www.lavenaria.it\" target=\"_blank\">www.lavenaria.it<\/a><br \/>\nInfo: tel. 011 4992333.<\/p>\n<p><strong>COMPLESSO DEL CASTELLO DI AGLI\u00c8<\/strong><br \/>\nSabato 24 settembre: visite accompagnate agli Appartamenti Reali in orario 9.00-13.00 e 14.00-19.00; visite guidate ai giardini e al parco alle 9.30 e alle 11.00;<br \/>\nDomenica 25 settembre: visite accompagnate agli Appartamenti Reali in orario 9.00-13.00 e 14.00-19.00; visite guidate ai giardini e al parco alle 9.30 e alle 11.00;<br \/>\nBiglietti: Castello \u20ac 8,00; Castello + Parco + Giardino \u20ac 12,00; Parco + Giardino \u20ac 5,00; ridotto \u20ac 2,00 dai 18 ai 25 anni; gratuito per minori di 18 anni; ulteriori riduzioni e gratuit\u00e0 in base a disposizioni di legge;<br \/>\nPrenotazione: obbligatoria;<br \/>\nInfo e prenotazioni: <a href=\"mailto:drm-pie.aglie.prenotazioni@cultura.gov.it\" target=\"_blank\">drm-pie.aglie.prenotazioni@cultura.gov.it<\/a>; tel. 0124 330102.<\/p>\n<p><strong>AREA ARCHEOLOGICA DI INDUSTRIA<\/strong><br \/>\nSabato 24 settembre: orario 9.00-10.30 passeggiate archeologiche che includono la visita all\u2019area archeologica; orario 17.30-20.00 evento Tramonto a Industria;<br \/>\nBiglietti: gratuito<br \/>\nPrenotazione: obbligatoria per le passeggiate archeologiche del mattino; consigliata per l\u2019evento del pomeriggio;<br \/>\nInfo e prenotazioni: <a href=\"mailto:athena.as.culturale@gmail.com\" target=\"_blank\">athena.as.culturale@gmail.com<\/a>; 3791592724.<\/p>\n<p><strong>ABBAZIA DI VEZZOLANO<\/strong><br \/>\nSabato 24 settembre: orario 10.00-20.00, ultimo ingresso alle 19.30; concerto alle 21.00;<br \/>\nDomenica 25 settembre: orario 10.00-18.00, ultimo ingresso alle 17.30; spettacolo di danze popolari piemontesi alle 15.30;<br \/>\nBiglietti: gratuito per la visita libera al complesso canonicale; \u20ac 5,00 per il concerto di sabato 24 settembre; \u20ac 8,00 per lo spettacolo di domenica 25 settembre;<br \/>\nPrenotazione non necessaria per il concerto di sabato 24 settembre;<br \/>\nInfo e prenotazioni: <a href=\"mailto:infopoint@turismoincollina.it\" target=\"_blank\">infopoint@turismoincollina.it<\/a>; 333 1365812.<br \/>\nPrenotazione consigliata per lo spettacolo di domenica 25 settembre;<br \/>\nInfo e prenotazioni: <a href=\"mailto:info@piemontecultura.it\" target=\"_blank\">info@piemontecultura.it<\/a>; <a href=\"http:\/\/www.piemontecultura.it\/la-segreteria-online\" target=\"_blank\">http:\/\/www.piemontecultura.it\/la-segreteria-online<\/a>.<\/p>\n<p><strong>COMPLESSO DEL CASTELLO DI RACCONIGI<\/strong><br \/>\nSabato 24 settembre: orario 11.00-12.00 visite animate Promenade reale; orario 14.00-18.00 visite animate Un pomeriggio a corte; orario 19.30-22.30 visite accompagnate Il Castello di Racconigi nel Novecento; ultimo ingresso alle 21.30;<br \/>\nDomenica 25 settembre: orario 11.00-12.00 visite animate Promenade reale; orario 14.00-18.00 visite animate Un pomeriggio a corte;<br \/>\nBiglietti: intero \u20ac 8,00; ridotto \u20ac 2,00 dai 18 ai 25 anni; gratuito per minori di 18 anni; ulteriori riduzioni e gratuit\u00e0 in base a disposizioni di legge;<br \/>\nSabato 24 settembre in orario 19.30-22.30 intero \u20ac 1,00;<br \/>\nPrenotazione: obbligatoria per le visite serali di sabato 24 settembre; facoltativa per le visite animate;<br \/>\nContatti prenotazioni: <a href=\"mailto:racconigi.prenotazioni@cultura.gov.it\" target=\"_blank\">racconigi.prenotazioni@cultura.gov.it<\/a> (servizio attivo dal luned\u00ec al venerd\u00ec dalle 9.00 alle 15.00; la prenotazione \u00e8 da intendersi effettuata solo dopo aver ricevuto conferma via mail da parte dell\u2019ufficio prenotazioni del Castello di Racconigi);<br \/>\nInfo: 0172 84005.<\/p>\n<p><strong>CASTELLO DI SERRALUNGA D\u2019ALBA<\/strong><br \/>\nDomenica 25 settembre: ore 10.30 visita guidata I restauri del Castello di Serralunga: dall\u2019acquisizione Einaudi agli anni 2000;<br \/>\nBiglietti: intero \u20ac 6,00; ridotto di \u20ac 3,00;<br \/>\nPrenotazione: facoltativa; <a href=\"mailto:info@castellodiserralunga.it\" target=\"_blank\">info@castellodiserralunga.it<\/a>;<br \/>\nPer tutte le info relative a orari e biglietti nelle giornate di sabato 24 e domenica 25 settembre consultare il sito <a href=\"https:\/\/www.castellodiserralunga.it\/it\/\" target=\"_blank\">https:\/\/www.castellodiserralunga.it\/it\/<\/a><\/p>\n<p>&nbsp;<\/p>\n<p><img loading=\"lazy\" decoding=\"async\" class=\"alignleft size-medium wp-image-8562\" src=\"http:\/\/museipiemonte.cultura.gov.it\/wp-content\/uploads\/2022\/09\/GEP_Card-500x281.png\" alt=\"GEP_Card\" width=\"500\" height=\"281\" srcset=\"https:\/\/museipiemonte.cultura.gov.it\/wp-content\/uploads\/2022\/09\/GEP_Card-500x281.png 500w, https:\/\/museipiemonte.cultura.gov.it\/wp-content\/uploads\/2022\/09\/GEP_Card-1024x576.png 1024w, https:\/\/museipiemonte.cultura.gov.it\/wp-content\/uploads\/2022\/09\/GEP_Card-830x467.png 830w, https:\/\/museipiemonte.cultura.gov.it\/wp-content\/uploads\/2022\/09\/GEP_Card-230x129.png 230w, https:\/\/museipiemonte.cultura.gov.it\/wp-content\/uploads\/2022\/09\/GEP_Card-350x197.png 350w, https:\/\/museipiemonte.cultura.gov.it\/wp-content\/uploads\/2022\/09\/GEP_Card.png 1920w\" sizes=\"auto, (max-width: 500px) 100vw, 500px\" \/><\/p>\n","protected":false},"excerpt":{"rendered":"<p>Sabato 24 e domenica 25 settembre 2022 si celebrano le Giornate Europee del Patrimonio, manifestazione ideata dal Consiglio d&#8217;Europa e dalla Commissione Europea al fine di potenziare e favorire il dialogo e lo scambio in [&hellip;]<\/p>\n","protected":false},"author":1,"featured_media":837,"comment_status":"closed","ping_status":"closed","sticky":false,"template":"","format":"standard","meta":{"footnotes":""},"categories":[12,7,9,10,11,4,5,6],"tags":[],"class_list":["post-8553","post","type-post","status-publish","format-standard","has-post-thumbnail","hentry","category-abbazia-di-vezzolano","category-castello-di-aglie","category-castello-di-moncalieri","category-castello-di-racconigi","category-castello-di-serralunga","category-direzione-regionale-musei","category-palazzo-carignano","category-villa-della-regina"],"_links":{"self":[{"href":"https:\/\/museipiemonte.cultura.gov.it\/index.php\/wp-json\/wp\/v2\/posts\/8553","targetHints":{"allow":["GET"]}}],"collection":[{"href":"https:\/\/museipiemonte.cultura.gov.it\/index.php\/wp-json\/wp\/v2\/posts"}],"about":[{"href":"https:\/\/museipiemonte.cultura.gov.it\/index.php\/wp-json\/wp\/v2\/types\/post"}],"author":[{"embeddable":true,"href":"https:\/\/museipiemonte.cultura.gov.it\/index.php\/wp-json\/wp\/v2\/users\/1"}],"replies":[{"embeddable":true,"href":"https:\/\/museipiemonte.cultura.gov.it\/index.php\/wp-json\/wp\/v2\/comments?post=8553"}],"version-history":[{"count":11,"href":"https:\/\/museipiemonte.cultura.gov.it\/index.php\/wp-json\/wp\/v2\/posts\/8553\/revisions"}],"predecessor-version":[{"id":8571,"href":"https:\/\/museipiemonte.cultura.gov.it\/index.php\/wp-json\/wp\/v2\/posts\/8553\/revisions\/8571"}],"wp:featuredmedia":[{"embeddable":true,"href":"https:\/\/museipiemonte.cultura.gov.it\/index.php\/wp-json\/wp\/v2\/media\/837"}],"wp:attachment":[{"href":"https:\/\/museipiemonte.cultura.gov.it\/index.php\/wp-json\/wp\/v2\/media?parent=8553"}],"wp:term":[{"taxonomy":"category","embeddable":true,"href":"https:\/\/museipiemonte.cultura.gov.it\/index.php\/wp-json\/wp\/v2\/categories?post=8553"},{"taxonomy":"post_tag","embeddable":true,"href":"https:\/\/museipiemonte.cultura.gov.it\/index.php\/wp-json\/wp\/v2\/tags?post=8553"}],"curies":[{"name":"wp","href":"https:\/\/api.w.org\/{rel}","templated":true}]}}