{"id":857,"date":"2016-05-27T11:02:49","date_gmt":"2016-05-27T10:02:49","guid":{"rendered":"http:\/\/museipiemonte.cultura.gov.it\/?p=857"},"modified":"2016-05-27T11:02:49","modified_gmt":"2016-05-27T10:02:49","slug":"castello-di-aglie-chiusura-temporanea-27-maggio-2016","status":"publish","type":"post","link":"https:\/\/museipiemonte.cultura.gov.it\/index.php\/2016\/05\/27\/castello-di-aglie-chiusura-temporanea-27-maggio-2016\/","title":{"rendered":"Castello di Agli\u00e9 &#8211; Chiusura temporanea 27 maggio 2016"},"content":{"rendered":"<p>Siamo spiacenti di comunicare che il <strong><a href=\"http:\/\/museipiemonte.cultura.gov.it\/index.php\/musei-e-luoghi-della-cultura\/castello-di-aglie\/\">Castello di Agli\u00e9<\/a><\/strong> rester\u00e0 <strong>chiuso al pubblico venerd\u00ec 27 maggio 2016<\/strong> per sopraggiunte necessit\u00e0 di servizio.<\/p>\n<p>Ci scusiamo per il disagio.<\/p>\n<p>Vi ricordiamo che il Castello di Agli\u00e9 \u00e8 aperto dal venerd\u00ec alla domenica dalle 8.30 alle 19.30 (ultimo ingresso 18.15).<\/p>\n","protected":false},"excerpt":{"rendered":"<p>Siamo spiacenti di comunicare che il Castello di Agli\u00e9 rester\u00e0 chiuso al pubblico venerd\u00ec 27 maggio 2016 per sopraggiunte necessit\u00e0 di servizio. Ci scusiamo per il disagio. Vi ricordiamo che il Castello di Agli\u00e9 \u00e8 [&hellip;]<\/p>\n","protected":false},"author":1,"featured_media":828,"comment_status":"closed","ping_status":"closed","sticky":false,"template":"","format":"standard","meta":{"footnotes":""},"categories":[7],"tags":[58,35,36,21],"class_list":["post-857","post","type-post","status-publish","format-standard","has-post-thumbnail","hentry","category-castello-di-aglie","tag-aglie","tag-castello","tag-musei","tag-news"],"_links":{"self":[{"href":"https:\/\/museipiemonte.cultura.gov.it\/index.php\/wp-json\/wp\/v2\/posts\/857","targetHints":{"allow":["GET"]}}],"collection":[{"href":"https:\/\/museipiemonte.cultura.gov.it\/index.php\/wp-json\/wp\/v2\/posts"}],"about":[{"href":"https:\/\/museipiemonte.cultura.gov.it\/index.php\/wp-json\/wp\/v2\/types\/post"}],"author":[{"embeddable":true,"href":"https:\/\/museipiemonte.cultura.gov.it\/index.php\/wp-json\/wp\/v2\/users\/1"}],"replies":[{"embeddable":true,"href":"https:\/\/museipiemonte.cultura.gov.it\/index.php\/wp-json\/wp\/v2\/comments?post=857"}],"version-history":[{"count":1,"href":"https:\/\/museipiemonte.cultura.gov.it\/index.php\/wp-json\/wp\/v2\/posts\/857\/revisions"}],"predecessor-version":[{"id":858,"href":"https:\/\/museipiemonte.cultura.gov.it\/index.php\/wp-json\/wp\/v2\/posts\/857\/revisions\/858"}],"wp:featuredmedia":[{"embeddable":true,"href":"https:\/\/museipiemonte.cultura.gov.it\/index.php\/wp-json\/wp\/v2\/media\/828"}],"wp:attachment":[{"href":"https:\/\/museipiemonte.cultura.gov.it\/index.php\/wp-json\/wp\/v2\/media?parent=857"}],"wp:term":[{"taxonomy":"category","embeddable":true,"href":"https:\/\/museipiemonte.cultura.gov.it\/index.php\/wp-json\/wp\/v2\/categories?post=857"},{"taxonomy":"post_tag","embeddable":true,"href":"https:\/\/museipiemonte.cultura.gov.it\/index.php\/wp-json\/wp\/v2\/tags?post=857"}],"curies":[{"name":"wp","href":"https:\/\/api.w.org\/{rel}","templated":true}]}}