{"id":8611,"date":"2022-10-06T16:43:53","date_gmt":"2022-10-06T14:43:53","guid":{"rendered":"http:\/\/museipiemonte.cultura.gov.it\/?p=8611"},"modified":"2022-10-06T16:43:53","modified_gmt":"2022-10-06T14:43:53","slug":"fmu-giornata-nazionale-delle-famiglie-al-museo-domenica-9-ottobre-2022","status":"publish","type":"post","link":"https:\/\/museipiemonte.cultura.gov.it\/index.php\/2022\/10\/06\/fmu-giornata-nazionale-delle-famiglie-al-museo-domenica-9-ottobre-2022\/","title":{"rendered":"F@Mu &#8211; Giornata Nazionale delle Famiglie al Museo &#8211; domenica 9 ottobre 2022"},"content":{"rendered":"<p>Domenica <strong>9 ottobre<\/strong> \u00e8 <strong>F@Mu<\/strong>, la Giornata Nazionale delle Famiglie al Museo, quest&#8217;anno dedicata al tema &#8220;Diversi ma uguali&#8221;.<\/p>\n<p><strong>Palazzo Carignano<\/strong> propone\u00a0visite guidate alle ore 10.00, 11.30, 15.00, 16.30, incentrate sul valore della\u00a0diversit\u00e0 come strumento di inclusione sociale e arricchimento.\u00a0Gli educatori museali insieme a ragazzi e ragazze con sindrome di Down conducono le famiglie alla scoperta della residenza dei principi di Carignano, costruita nella seconda met\u00e0 del Seicento per volont\u00e0 di Emanuele Filiberto, principe nato sordo e per questo soprannominato \u201cil Muto\u201d.\u00a0La figura del principe, il quale, nonostante il sordomutismo\u00a0fu un uomo colto e impar\u00f2 a leggere, scrivere e comunicare in diverse lingue, sar\u00e0 evocata come espressione della necessit\u00e0 di abbattere i pregiudizi verso tutto ci\u00f2 che ci appare diverso.<br \/>\nLa visita si conclude con una partita al &#8220;Memory dei Principi&#8221;, in cui giovani e adulti sono chiamati ad accoppiare le carte uguali attraverso un gioco di squadra condotto da persone con sindrome di Down.<br \/>\nLa partecipazione \u00e8 inclusa nel pagamento del biglietto per l&#8217;accesso al complesso museale.<br \/>\nBiglietti: intero \u20ac 5,00; ridotto \u20ac 2,00 dai 18 ai 25 anni; gratuito per minori di 18 anni; ulteriori riduzioni e gratuit\u00e0 in base a disposizioni di legge e convenzioni.<br \/>\nPrenotazione obbligatoria: drm-pie.palazzocarignano@cultura.gov.it; 011 5641733-791.<\/p>\n<p>&nbsp;<\/p>\n<p><img loading=\"lazy\" decoding=\"async\" class=\"alignleft size-medium wp-image-8614\" src=\"http:\/\/museipiemonte.cultura.gov.it\/wp-content\/uploads\/2022\/10\/locandina-Famu-ufficiale-346x500.jpg\" alt=\"locandina Famu ufficiale\" width=\"346\" height=\"500\" srcset=\"https:\/\/museipiemonte.cultura.gov.it\/wp-content\/uploads\/2022\/10\/locandina-Famu-ufficiale-346x500.jpg 346w, https:\/\/museipiemonte.cultura.gov.it\/wp-content\/uploads\/2022\/10\/locandina-Famu-ufficiale-709x1024.jpg 709w, https:\/\/museipiemonte.cultura.gov.it\/wp-content\/uploads\/2022\/10\/locandina-Famu-ufficiale-230x332.jpg 230w, https:\/\/museipiemonte.cultura.gov.it\/wp-content\/uploads\/2022\/10\/locandina-Famu-ufficiale-350x506.jpg 350w, https:\/\/museipiemonte.cultura.gov.it\/wp-content\/uploads\/2022\/10\/locandina-Famu-ufficiale.jpg 720w\" sizes=\"auto, (max-width: 346px) 100vw, 346px\" \/><\/p>\n<p>&nbsp;<\/p>\n<p>&nbsp;<\/p>\n<p>&nbsp;<\/p>\n<p>&nbsp;<\/p>\n<p>&nbsp;<\/p>\n<p>&nbsp;<\/p>\n<p>&nbsp;<\/p>\n<p>&nbsp;<\/p>\n<p>&nbsp;<\/p>\n<p>&nbsp;<\/p>\n<p>&nbsp;<\/p>\n<p>&nbsp;<\/p>\n<p>&nbsp;<\/p>\n<p>&nbsp;<\/p>\n<p>&nbsp;<\/p>\n<p>&nbsp;<\/p>\n<p>A <strong>Villa della Regina<\/strong> si svolge l\u2019attivit\u00e0 &#8220;Diversi ma uguali. Le decorazioni a grottesche&#8221;. Guidati dagli operatori museali, i bambini e le loro famiglie possono cos\u00ec andare alla scoperta delle grottesche presenti nelle sale della residenza create dalla fantasia di artisti diversi. Al termine della visita i bambini si trasformano in giovani artisti per inventare con carta e colori le proprie grottesche.<br \/>\nLa partecipazione all\u2019attivit\u00e0 \u00e8 inclusa nel pagamento del biglietto per l&#8217;accesso al complesso museale.<br \/>\nBiglietti: intero \u20ac 7,00; ridotto \u20ac 2,00 dai 18 ai 25 anni; gratuito per minori di 18 anni; ulteriori riduzioni e gratuit\u00e0 in base a disposizioni di legge e convenzioni.<br \/>\nInfo e prenotazioni: drm-pie.villadellaregina@cultura.gov.it; 011 8195035.<\/p>\n<p>&nbsp;<\/p>\n<p><img loading=\"lazy\" decoding=\"async\" class=\"alignleft size-medium wp-image-8615\" src=\"http:\/\/museipiemonte.cultura.gov.it\/wp-content\/uploads\/2022\/10\/locandinaFAMU2022-VILLA-500x354.jpg\" alt=\"locandinaFAMU2022 VILLA\" width=\"500\" height=\"354\" srcset=\"https:\/\/museipiemonte.cultura.gov.it\/wp-content\/uploads\/2022\/10\/locandinaFAMU2022-VILLA-500x354.jpg 500w, https:\/\/museipiemonte.cultura.gov.it\/wp-content\/uploads\/2022\/10\/locandinaFAMU2022-VILLA-1024x724.jpg 1024w, https:\/\/museipiemonte.cultura.gov.it\/wp-content\/uploads\/2022\/10\/locandinaFAMU2022-VILLA-830x587.jpg 830w, https:\/\/museipiemonte.cultura.gov.it\/wp-content\/uploads\/2022\/10\/locandinaFAMU2022-VILLA-230x163.jpg 230w, https:\/\/museipiemonte.cultura.gov.it\/wp-content\/uploads\/2022\/10\/locandinaFAMU2022-VILLA-350x247.jpg 350w, https:\/\/museipiemonte.cultura.gov.it\/wp-content\/uploads\/2022\/10\/locandinaFAMU2022-VILLA.jpg 1755w\" sizes=\"auto, (max-width: 500px) 100vw, 500px\" \/><\/p>\n","protected":false},"excerpt":{"rendered":"<p>Domenica 9 ottobre \u00e8 F@Mu, la Giornata Nazionale delle Famiglie al Museo, quest&#8217;anno dedicata al tema &#8220;Diversi ma uguali&#8221;. Palazzo Carignano propone\u00a0visite guidate alle ore 10.00, 11.30, 15.00, 16.30, incentrate sul valore della\u00a0diversit\u00e0 come strumento [&hellip;]<\/p>\n","protected":false},"author":1,"featured_media":837,"comment_status":"closed","ping_status":"closed","sticky":false,"template":"","format":"standard","meta":{"footnotes":""},"categories":[4,5,6],"tags":[227,36,54],"class_list":["post-8611","post","type-post","status-publish","format-standard","has-post-thumbnail","hentry","category-direzione-regionale-musei","category-palazzo-carignano","category-villa-della-regina","tag-famiglie","tag-musei","tag-visita-guidata"],"_links":{"self":[{"href":"https:\/\/museipiemonte.cultura.gov.it\/index.php\/wp-json\/wp\/v2\/posts\/8611","targetHints":{"allow":["GET"]}}],"collection":[{"href":"https:\/\/museipiemonte.cultura.gov.it\/index.php\/wp-json\/wp\/v2\/posts"}],"about":[{"href":"https:\/\/museipiemonte.cultura.gov.it\/index.php\/wp-json\/wp\/v2\/types\/post"}],"author":[{"embeddable":true,"href":"https:\/\/museipiemonte.cultura.gov.it\/index.php\/wp-json\/wp\/v2\/users\/1"}],"replies":[{"embeddable":true,"href":"https:\/\/museipiemonte.cultura.gov.it\/index.php\/wp-json\/wp\/v2\/comments?post=8611"}],"version-history":[{"count":5,"href":"https:\/\/museipiemonte.cultura.gov.it\/index.php\/wp-json\/wp\/v2\/posts\/8611\/revisions"}],"predecessor-version":[{"id":8618,"href":"https:\/\/museipiemonte.cultura.gov.it\/index.php\/wp-json\/wp\/v2\/posts\/8611\/revisions\/8618"}],"wp:featuredmedia":[{"embeddable":true,"href":"https:\/\/museipiemonte.cultura.gov.it\/index.php\/wp-json\/wp\/v2\/media\/837"}],"wp:attachment":[{"href":"https:\/\/museipiemonte.cultura.gov.it\/index.php\/wp-json\/wp\/v2\/media?parent=8611"}],"wp:term":[{"taxonomy":"category","embeddable":true,"href":"https:\/\/museipiemonte.cultura.gov.it\/index.php\/wp-json\/wp\/v2\/categories?post=8611"},{"taxonomy":"post_tag","embeddable":true,"href":"https:\/\/museipiemonte.cultura.gov.it\/index.php\/wp-json\/wp\/v2\/tags?post=8611"}],"curies":[{"name":"wp","href":"https:\/\/api.w.org\/{rel}","templated":true}]}}