{"id":9294,"date":"2023-05-04T16:36:07","date_gmt":"2023-05-04T14:36:07","guid":{"rendered":"http:\/\/museipiemonte.cultura.gov.it\/?p=9294"},"modified":"2023-06-14T14:48:58","modified_gmt":"2023-06-14T12:48:58","slug":"elena-clotilde-e-letizia-ritratti-quotidiani-di-tre-donne-sabaude-castello-di-moncalieri-dal-6-maggio-al-18-giugno-2023","status":"publish","type":"post","link":"https:\/\/museipiemonte.cultura.gov.it\/index.php\/2023\/05\/04\/elena-clotilde-e-letizia-ritratti-quotidiani-di-tre-donne-sabaude-castello-di-moncalieri-dal-6-maggio-al-18-giugno-2023\/","title":{"rendered":"Elena, Clotilde e Letizia. Ritratti quotidiani di tre donne sabaude &#8211; Castello di Moncalieri dal 6 maggio al 18 giugno 2023 &#8211; PROROGATA FINO AL 16 LUGLIO 2023"},"content":{"rendered":"<p>Nella mattina di sabato<strong> 6 maggio<\/strong>, al <strong>Castello di Moncalieri<\/strong> si svolge l\u2019<strong>inaugurazione<\/strong> della <strong>mostra <em>Elena, Clotilde e Letizia. Ritratti quotidiani di tre donne sabaude<\/em><\/strong>. Allestita negli appartamenti che furono delle principesse Maria Clotilde e Maria Letizia, l\u2019esposizione \u00e8 curata dallo studioso Pierangelo Calvo, socio fondatore dell\u2019Associazione \u201cAmici del Passato\u201d, ed \u00e8 organizzata in collaborazione con l\u2019Associazione Internazionale Regina Elena OdV, insieme al Museo storico fotografico di Isola d\u2019Asti, che conserva la collezione privata Luigi Corino e la Maison Tat\u00ec della costumista storica Silvia Porino.<br \/>\nIl <strong>percorso espositivo<\/strong> \u00e8 dedicato alla vita in Italia della <strong>regina Elena<\/strong> (Cettigne, 1873-Montpellier 1952), a partire dal 1896, anno delle sue nozze con l\u2019erede al trono Vittorio Emanuele III, fino al 1919, nonch\u00e9 alle vite delle <strong>principesse<\/strong> sabaude <strong>Maria Clotilde<\/strong> (Torino, 1843-Moncalieri 1911) e <strong>Maria Letizia<\/strong> (Parigi, 1866-Moncalieri, 1926), vissute nel Castello di Moncalieri fino alla morte.<br \/>\nProtagoniste della rassegna sono le rappresentazioni grafiche stampate sulle cartoline e sulle riviste italiane e straniere dell\u2019epoca. Una visione, dunque, sempre ufficiale dei personaggi di Casa Savoia, ma in una vulgata iconografica di lettura pi\u00f9 semplice e immediata per il popolo, in cui risaltano tratti di umilt\u00e0, grazia e dolcezza, seppur comunque permeati da un alone di regalit\u00e0. Sette sezioni tematiche approfondiscono passioni, momenti conviviali, viaggi e visite delle tre donne sabaude e sono anche presenti oggetti a loro appartenuti, di cui alcuni fino ad oggi mai presentati al pubblico, come macchine fotografiche, abiti d\u2019epoca, albumine storiche, lettere autografe, libri e stampe.<br \/>\nDopo l\u2019inaugurazione su invito, <strong>dal pomeriggio<\/strong> di sabato <strong>6 maggio<\/strong> la mostra \u00e8 <strong>aperta al pubblico<\/strong> e pu\u00f2 essere visitata <strong>fino<\/strong> a domenica <strong>18 giugno<\/strong> nell\u2019ambito delle consuete visite agli Appartamenti Reali, in partenza ogni ora, nei giorni di <strong>venerd\u00ec, sabato, domenica e festivi<\/strong>, in <strong>orario 10.00-18.00<\/strong> (prenotazione fortemente consigliata).<\/p>\n<p><strong>PROGRAMMA INAUGURAZIONE \u2013 sabato 6 maggio 2023<\/strong><\/p>\n<p>&#8211; ore 10.00: S. Messa di suffragio, celebrazione con accompagnamento musicale a cura di Nicola e Maria Cristina Paolicelli, fondatori del progetto \u201cGli Archimisti\u201d<br \/>\n&#8211; ore 11.00: saluti istituzionali e presentazione della mostra<br \/>\n&#8211; ore 11.30: visita alla mostra<\/p>\n<p><strong><br \/>\nINFO MOSTRA<\/strong><br \/>\n<em><strong>ELENA, CLOTILDE E LETIZIA<\/strong><\/em><br \/>\n<em><strong>Ritratti quotidiani di tre donne sabaude<\/strong><\/em><\/p>\n<p><strong>CASTELLO DI MONCALIERI<\/strong><br \/>\n<strong>Piazza Baden Baden, 4 \u2013 Moncalieri (TO)<\/strong><br \/>\n<strong>6 maggio \u2013 18 giugno 2023\u00a0PROROGATA FINO AL 16 LUGLIO 2023<\/strong><\/p>\n<p><strong>Orario:<\/strong> venerd\u00ec, sabato, domenica e festivi dalle 10.00 alle 18.00 (ultimo ingresso 17.00).<br \/>\n<strong>Chiuso:<\/strong> da luned\u00ec a gioved\u00ec.<br \/>\n<strong>Biglietti<\/strong>: intero \u20ac 7,00; ridotto \u20ac 5,00.<br \/>\n<strong>Prenotazione fortemente consigliata:<\/strong> <a href=\"https:\/\/lavenaria.it\/it\/visita\/acquista-online\" target=\"_blank\">www.lavenaria.it<\/a><br \/>\nInformazioni: 011 4992333.<\/p>\n<p><strong>PERCORSO DI VISITA<\/strong><\/p>\n<p><strong>Sezione 1 \u2013 <em>La storia raccontata attraverso i piatti di porcellana<\/em><\/strong><br \/>\nNel solco di una tradizione ceramista iniziata in Francia dalla met\u00e0 dell\u2019Ottocento, con l\u2019introduzione della stampa a transfert, anche i piatti di ceramica diventano testimoni storici del loro tempo. In mostra alcune serie di piatti raffiguranti la campagna coloniale italiana in Libia e i territori e le citt\u00e0 \u2018redenti\u2019 liberate dall\u2019esercito italiano nel corso della prima guerra mondiale. Esposti anche alcuni pezzi unici dipinti a mano di manifattura piemontese, raffiguranti le armi di principesse e regine d\u2019Italia.<\/p>\n<p><strong>Sezione 2 \u2013 <em>La croce rossa e la grande guerra<\/em><\/strong><br \/>\nL\u2019attentato di Sarajevo fu la miccia che fece esplodere la prima guerra mondiale nell\u2019estate del 1914. L\u2019Italia scelse la via della neutralit\u00e0, ma successivamente prese parte al conflitto, accanto agli stati della Triplice Intesa. La regina Elena trasform\u00f2 le sale del Quirinale in una enorme sartoria per gli indumenti dei soldati italiani impegnati al fronte e diede l\u2019esempio di come una donna coraggiosa possa trasformarsi da mamma in crocerossina, aiutando con le proprie forze e visitando i teatri di guerra per dare conforto e speranza.<\/p>\n<p><strong>Sezione 3 \u2013 <em>Le nozze tra Elena del Montenegro e Vittorio Emanuele di Savoia<\/em><\/strong><br \/>\nIl 1896 \u00e8 un anno terribile per l\u2019Italia: la sconfitta delle truppe italiane e il massacro di migliaia di giovani soldati ad Adua pose fine alle guerre coloniali in Africa. Per questo motivo le nozze tra il giovane Principe di Napoli e la Principessa del Montenegro mantennero un profilo sobrio, senza sfarzo alcuno, uno stile di vita che venne anche mantenuto dalla coppia per tutta la vita.<\/p>\n<p><strong>Sezione 4 \u2013 <em>Le passioni di una Regina<\/em><\/strong><br \/>\nLa Regina Elena amava, come il marito, trascorrere la vita privata all\u2019insegna della tranquillit\u00e0 e delle passioni, tra loro condivise, per la fotografia, per le gite in auto e per la pesca nei torrenti di montagna a Valdieri. La vera vocazione di Elena, per\u00f2, era la bont\u00e0 che trasmetteva alla popolazione attraverso i suoi gesti caritatevoli. Per il suo buon cuore, nel marzo del 1937 Papa Pio XI, le confer\u00ec la Rosa d&#8217;Oro della Cristianit\u00e0, consegnatale da un suo legato nella Cappella Paolina il 5 aprile dello stesso anno.<\/p>\n<p><strong>Sezione 5 \u2013 <em>Cerimonie Reali<\/em><\/strong><br \/>\nCon l\u2019ascesa al trono di Vittorio Emanuele III nell\u2019estate 1900, cambiano a corte gli usi e costumi in voga nel periodo umbertino, mentre in Europa inizia il declino della \u201cBelle Epoque\u201d. La sobriet\u00e0 sovrasta lo sfarzo cerimoniale, i momenti conviviali vedono ridotte le portate, le bevande e i cibi prediletti diventano sempre pi\u00f9 nostrani, celebrando l\u2019italianit\u00e0 anche a tavola. Le cerimonie sono eleganti, ma mai sontuose.<\/p>\n<p><strong>Sezione 6 \u2013 <em>Le visite e i viaggi dei Reali all\u2019estero<\/em><\/strong><br \/>\nMolte riviste e cartoline postali raffigurano i Reali d\u2019Italia nella prima decade del Novecento, in visita nelle capitali estere, in particolare a Parigi, Londra e in Russia presso lo Zar Nicola II: \u00e8 una rivoluzione totale della politica estera fortemente voluta da Vittorio Emanuele III, tenendo conto che l\u2019Italia dell\u2019epoca \u00e8 legata da anni agli imperi centrali tramite la firma alla \u2018Triplice Alleanza\u2019.<\/p>\n<p><strong>Sezione 7 \u2013 <em>Iconografia<\/em><\/strong><br \/>\nLa scelta di esporre le copertine originali con le immagini della famiglia reale sulle riviste che appaiono in edicola tra la fine dell\u2019Ottocento e l\u2019inizio del Novecento, e le cartoline postali \u00e8 stata fatta per evidenziare il legame tra la popolazione italiana e il casato reale, in un\u2019epoca di difficolt\u00e0 economiche e sociali per una nazione giovane, da poco unita, ma decisa ad emergere. In Francia, nello stesso periodo, le confezioni di cioccolata immortalavano le immagini dei personaggi famosi, prime naturalmente le famiglie Reali europee.<\/p>\n","protected":false},"excerpt":{"rendered":"<p>Nella mattina di sabato 6 maggio, al Castello di Moncalieri si svolge l\u2019inaugurazione della mostra Elena, Clotilde e Letizia. Ritratti quotidiani di tre donne sabaude. Allestita negli appartamenti che furono delle principesse Maria Clotilde e [&hellip;]<\/p>\n","protected":false},"author":1,"featured_media":1455,"comment_status":"closed","ping_status":"closed","sticky":false,"template":"","format":"standard","meta":{"footnotes":""},"categories":[9],"tags":[35,91,50],"class_list":["post-9294","post","type-post","status-publish","format-standard","has-post-thumbnail","hentry","category-castello-di-moncalieri","tag-castello","tag-moncalieri","tag-mostra"],"_links":{"self":[{"href":"https:\/\/museipiemonte.cultura.gov.it\/index.php\/wp-json\/wp\/v2\/posts\/9294","targetHints":{"allow":["GET"]}}],"collection":[{"href":"https:\/\/museipiemonte.cultura.gov.it\/index.php\/wp-json\/wp\/v2\/posts"}],"about":[{"href":"https:\/\/museipiemonte.cultura.gov.it\/index.php\/wp-json\/wp\/v2\/types\/post"}],"author":[{"embeddable":true,"href":"https:\/\/museipiemonte.cultura.gov.it\/index.php\/wp-json\/wp\/v2\/users\/1"}],"replies":[{"embeddable":true,"href":"https:\/\/museipiemonte.cultura.gov.it\/index.php\/wp-json\/wp\/v2\/comments?post=9294"}],"version-history":[{"count":5,"href":"https:\/\/museipiemonte.cultura.gov.it\/index.php\/wp-json\/wp\/v2\/posts\/9294\/revisions"}],"predecessor-version":[{"id":9475,"href":"https:\/\/museipiemonte.cultura.gov.it\/index.php\/wp-json\/wp\/v2\/posts\/9294\/revisions\/9475"}],"wp:featuredmedia":[{"embeddable":true,"href":"https:\/\/museipiemonte.cultura.gov.it\/index.php\/wp-json\/wp\/v2\/media\/1455"}],"wp:attachment":[{"href":"https:\/\/museipiemonte.cultura.gov.it\/index.php\/wp-json\/wp\/v2\/media?parent=9294"}],"wp:term":[{"taxonomy":"category","embeddable":true,"href":"https:\/\/museipiemonte.cultura.gov.it\/index.php\/wp-json\/wp\/v2\/categories?post=9294"},{"taxonomy":"post_tag","embeddable":true,"href":"https:\/\/museipiemonte.cultura.gov.it\/index.php\/wp-json\/wp\/v2\/tags?post=9294"}],"curies":[{"name":"wp","href":"https:\/\/api.w.org\/{rel}","templated":true}]}}